{"id":3201,"date":"2026-01-04T17:20:09","date_gmt":"2026-01-04T17:20:09","guid":{"rendered":"https:\/\/www.europesays.com\/africa\/3201\/"},"modified":"2026-01-04T17:20:09","modified_gmt":"2026-01-04T17:20:09","slug":"can-2025-azzedine-ounahi-en-bequilles-le-maroc-retient-son-souffle","status":"publish","type":"post","link":"https:\/\/www.europesays.com\/africa\/3201\/","title":{"rendered":"CAN 2025\u00a0: Azzedine Ounahi en b\u00e9quilles, le Maroc retient son souffle"},"content":{"rendered":"<p class=\"paragraph text_align_left lp-f-body-02\">Vent de frayeur sur le <a href=\"https:\/\/www.leparisien.fr\/sports\/football\/coupe-d-afrique-des-nations\/maroc-tanzanie-la-composition-officielle-des-lions-de-latlas-a-la-can-2025-avec-achraf-hakimi-titulaire-04-01-2026-JIHP4U3HL5G3FDKIJYDRAGIUJE.php\" target=\"_self\" rel=\"nofollow noopener\">Maroc<\/a>, o\u00f9 les supporters pourraient perdre l\u2019un de leurs chouchous. Alors qu\u2019il s\u2019\u00e9tait entra\u00een\u00e9 hier, <a href=\"https:\/\/www.leparisien.fr\/sports\/football\/psg\/psg-om-mon-dieu-mais-dou-sort-ce-joueur-le-jour-ou-azzedine-ounahi-a-emerveille-luis-enrique-24-09-2023-TXKBLZVW4REG7EGFERS5OU4BJY.php\" target=\"_self\" rel=\"nofollow noopener\">Azzedine Ounahi<\/a> n\u2019est pas pr\u00e9sent sur la feuille de match pour affronter la Tanzanie en huiti\u00e8mes de finale de la <a href=\"https:\/\/www.leparisien.fr\/sports\/football\/coupe-d-afrique-des-nations\/\" target=\"_self\" rel=\"nofollow noopener\">CAN <\/a>(17 heures). Pire encore, l\u2019ancien Marseillais est arriv\u00e9 au stade avec des b\u00e9quilles et une botte renforc\u00e9e au pied gauche.<\/p>\n<p class=\"\">Titulaire indiscutable dans l\u2019entrejeu marocain, le relayeur s\u2019est probablement bless\u00e9 ce samedi, lors de la s\u00e9ance d\u2019entra\u00eenement. Son absence face aux m\u00e9dias, alors qu\u2019il \u00e9tait pr\u00e9vu et que Yassine Bounou l\u2019avait remplac\u00e9, avait d\u00e9j\u00e0 interloqu\u00e9 les suiveurs de la s\u00e9lection.<\/p>\n<p>L\u2019\u00e9quilibre de l\u2019\u00e9quipe chamboul\u00e9 ?<\/p>\n<p class=\"\">Certains d\u2019entre eux affirment d\u00e9j\u00e0 que le Lion de l\u2019Atlas serait forfait pour le reste de la comp\u00e9tition. Ni la F\u00e9d\u00e9ration, ni <a href=\"https:\/\/www.leparisien.fr\/sports\/football\/coupe-d-afrique-des-nations\/can-2025-humilite-maitre-mot-pour-walid-regragui-et-le-maroc-avant-le-18e-face-a-la-tanzanie-04-01-2026-2TQNNBVOH5AN3PBKA3X3JBR6EI.php\" target=\"_self\" rel=\"nofollow noopener\">Walid Regragui<\/a>, ni le joueur lui-m\u00eame n\u2019ont confirm\u00e9 cette information, ni indiqu\u00e9 la nature de la blessure.<\/p>\n<p class=\"\">Une absence pour la phase finale resterait un gros coup dur pour les locaux, grands favoris et condamn\u00e9s \u00e0 la victoire finale par la pression populaire. Apr\u00e8s une phase de groupes concluante (deux victoires, un nul), les Marocains avaient rassur\u00e9, tout en enregistrant le retour bienvenu d\u2019Achraf Hakimi. <\/p>\n<p class=\"\">Mais l\u2019absence d\u2019Ounahi, essentiel pour l\u2019\u00e9quilibre de l\u2019\u00e9quipe et toujours transcend\u00e9 par le maillot de son pays, pourrait bousculer cet \u00e9quilibre. Surtout dans cette <a href=\"https:\/\/www.leparisien.fr\/sports\/football\/coupe-d-afrique-des-nations\/can-2025-les-tunisiens-se-sabordent-et-sortent-la-tete-basse-elimines-par-le-mali-aux-tirs-au-but-03-01-2026-IQHXELSE7RES3LFG5CAGFTTLG4.php\" target=\"_self\" rel=\"nofollow noopener\">CAN aux nombreuses surprises<\/a>, o\u00f9 chaque match est un pi\u00e8ge.<\/p>\n","protected":false},"excerpt":{"rendered":"Vent de frayeur sur le Maroc, o\u00f9 les supporters pourraient perdre l\u2019un de leurs chouchous. Alors qu\u2019il s\u2019\u00e9tait&hellip;\n","protected":false},"author":2,"featured_media":3202,"comment_status":"","ping_status":"","sticky":false,"template":"","format":"standard","meta":{"footnotes":""},"categories":[41],"tags":[360,311,158,264],"class_list":{"0":"post-3201","1":"post","2":"type-post","3":"status-publish","4":"format-standard","5":"has-post-thumbnail","7":"category-maroc","8":"tag-can","9":"tag-football","10":"tag-maroc","11":"tag-sports"},"share_on_mastodon":{"url":"","error":""},"_links":{"self":[{"href":"https:\/\/www.europesays.com\/africa\/wp-json\/wp\/v2\/posts\/3201","targetHints":{"allow":["GET"]}}],"collection":[{"href":"https:\/\/www.europesays.com\/africa\/wp-json\/wp\/v2\/posts"}],"about":[{"href":"https:\/\/www.europesays.com\/africa\/wp-json\/wp\/v2\/types\/post"}],"author":[{"embeddable":true,"href":"https:\/\/www.europesays.com\/africa\/wp-json\/wp\/v2\/users\/2"}],"replies":[{"embeddable":true,"href":"https:\/\/www.europesays.com\/africa\/wp-json\/wp\/v2\/comments?post=3201"}],"version-history":[{"count":0,"href":"https:\/\/www.europesays.com\/africa\/wp-json\/wp\/v2\/posts\/3201\/revisions"}],"wp:featuredmedia":[{"embeddable":true,"href":"https:\/\/www.europesays.com\/africa\/wp-json\/wp\/v2\/media\/3202"}],"wp:attachment":[{"href":"https:\/\/www.europesays.com\/africa\/wp-json\/wp\/v2\/media?parent=3201"}],"wp:term":[{"taxonomy":"category","embeddable":true,"href":"https:\/\/www.europesays.com\/africa\/wp-json\/wp\/v2\/categories?post=3201"},{"taxonomy":"post_tag","embeddable":true,"href":"https:\/\/www.europesays.com\/africa\/wp-json\/wp\/v2\/tags?post=3201"}],"curies":[{"name":"wp","href":"https:\/\/api.w.org\/{rel}","templated":true}]}}