{"id":3245,"date":"2026-01-04T17:46:12","date_gmt":"2026-01-04T17:46:12","guid":{"rendered":"https:\/\/www.europesays.com\/africa\/3245\/"},"modified":"2026-01-04T17:46:12","modified_gmt":"2026-01-04T17:46:12","slug":"afrique-du-sud-cameroun-a-quelle-heure-et-sur-quelle-chaine-tv-voir-le-match-des-8es-de-finale-de-la-can","status":"publish","type":"post","link":"https:\/\/www.europesays.com\/africa\/3245\/","title":{"rendered":"Afrique du sud-Cameroun : \u00e0 quelle heure et sur quelle cha\u00eene TV voir le match des 8es de finale de la CAN ?"},"content":{"rendered":"<p class=\"paragraph text_align_left lp-f-body-02\">Belle affiche \u00e0 Rabat pour la suite des 8es de finale de la <a href=\"https:\/\/www.leparisien.fr\/sports\/football\/coupe-d-afrique-des-nations\/\" target=\"_blank\" rel=\"noreferrer nofollow noopener\">Coupe d\u2019Afrique des nations<\/a>. Deuxi\u00e8me du groupe F, le Cameroun affronte ce dimanche l\u2019Afrique du sud, deuxi\u00e8me du groupe B. Champions d\u2019Afrique en 2017, troisi\u00e8mes en 2021 mais battus d\u00e8s les huiti\u00e8mes il y a deux ans, les Lions indomptables de David Pagou endosseront le costume de favori face \u00e0 une \u00e9quipe moins habitu\u00e9e \u00e0 aller loin dans la comp\u00e9tition. <\/p>\n<p class=\"\">Mais il faudra tout de m\u00eame se m\u00e9fier de ces surprenants Bafana Bafana, demi-finalistes de la derni\u00e8re \u00e9dition et seulement battus par l\u2019Egypte en phase de poules (1-0). Le vainqueur de cette confrontation ind\u00e9cise affrontera en quart de finale celui de Maroc-Tanzanie.<\/p>\n<p class=\"\">Le coup d\u2019envoi du match Afrique du sud-Cameroun est pr\u00e9vu \u00e0 20 heures ce dimanche 4 janvier. La rencontre sera \u00e0 suivre \u00e0 la t\u00e9l\u00e9vision sur beIN Sports 1.<\/p>\n","protected":false},"excerpt":{"rendered":"Belle affiche \u00e0 Rabat pour la suite des 8es de finale de la Coupe d\u2019Afrique des nations. Deuxi\u00e8me&hellip;\n","protected":false},"author":2,"featured_media":3246,"comment_status":"","ping_status":"","sticky":false,"template":"","format":"standard","meta":{"footnotes":""},"categories":[62],"tags":[64,360,311,264],"class_list":{"0":"post-3245","1":"post","2":"type-post","3":"status-publish","4":"format-standard","5":"has-post-thumbnail","7":"category-afrique","8":"tag-afrique","9":"tag-can","10":"tag-football","11":"tag-sports"},"share_on_mastodon":{"url":"","error":""},"_links":{"self":[{"href":"https:\/\/www.europesays.com\/africa\/wp-json\/wp\/v2\/posts\/3245","targetHints":{"allow":["GET"]}}],"collection":[{"href":"https:\/\/www.europesays.com\/africa\/wp-json\/wp\/v2\/posts"}],"about":[{"href":"https:\/\/www.europesays.com\/africa\/wp-json\/wp\/v2\/types\/post"}],"author":[{"embeddable":true,"href":"https:\/\/www.europesays.com\/africa\/wp-json\/wp\/v2\/users\/2"}],"replies":[{"embeddable":true,"href":"https:\/\/www.europesays.com\/africa\/wp-json\/wp\/v2\/comments?post=3245"}],"version-history":[{"count":0,"href":"https:\/\/www.europesays.com\/africa\/wp-json\/wp\/v2\/posts\/3245\/revisions"}],"wp:featuredmedia":[{"embeddable":true,"href":"https:\/\/www.europesays.com\/africa\/wp-json\/wp\/v2\/media\/3246"}],"wp:attachment":[{"href":"https:\/\/www.europesays.com\/africa\/wp-json\/wp\/v2\/media?parent=3245"}],"wp:term":[{"taxonomy":"category","embeddable":true,"href":"https:\/\/www.europesays.com\/africa\/wp-json\/wp\/v2\/categories?post=3245"},{"taxonomy":"post_tag","embeddable":true,"href":"https:\/\/www.europesays.com\/africa\/wp-json\/wp\/v2\/tags?post=3245"}],"curies":[{"name":"wp","href":"https:\/\/api.w.org\/{rel}","templated":true}]}}