{"id":3276,"date":"2026-01-04T18:02:08","date_gmt":"2026-01-04T18:02:08","guid":{"rendered":"https:\/\/www.europesays.com\/africa\/3276\/"},"modified":"2026-01-04T18:02:08","modified_gmt":"2026-01-04T18:02:08","slug":"ce-volet-que-les-verts-ont-travaille-intensement-a-lentrainement","status":"publish","type":"post","link":"https:\/\/www.europesays.com\/africa\/3276\/","title":{"rendered":"Ce volet que les Verts ont travaill\u00e9 intens\u00e9ment \u00e0 l\u2019entra\u00eenement"},"content":{"rendered":"<p style=\"text-align: justify;\" data-start=\"0\" data-end=\"342\">En pr\u00e9vision de son huiti\u00e8me de finale de la Coupe d\u2019Afrique des Nations 2025, l\u2019\u00e9quipe nationale affine ses r\u00e9glages avec un souci du d\u00e9tail assum\u00e9. Conscient que les matches \u00e0 \u00e9limination directe se jouent parfois bien au-del\u00e0 des 90 minutes, Vladimir Petkovic a insist\u00e9, ces derniers jours, sur un travail sp\u00e9cifique : les tirs au but.<\/p>\n<p style=\"text-align: justify;\" data-start=\"344\" data-end=\"579\">De longues s\u00e9ances ont ainsi \u00e9t\u00e9 consacr\u00e9es \u00e0 cet exercice particulier, o\u00f9 la technique et la gestion de la pression sont souvent d\u00e9terminantes. Les joueurs ont ainsi \u00e9t\u00e9 soumis \u00e0 de longues s\u00e9ries de tirs au but en fin de s\u00e9ances.<\/p>\n<p style=\"text-align: justify;\" data-start=\"581\" data-end=\"880\">Au c\u0153ur de ces s\u00e9ances, Luca Zidane a \u00e9t\u00e9 longuement mis \u00e0 contribution. Le gardien num\u00e9ro 1 des Verts a multipli\u00e9 les duels avec ses co\u00e9quipiers, sous l\u2019\u0153il attentif du staff technique. Un travail intense, aussi bien physique que psychologique, destin\u00e9 \u00e0 le pr\u00e9parer \u00e0 un \u00e9ventuel sc\u00e9nario d\u00e9cisif.<\/p>\n<p style=\"text-align: justify;\" data-start=\"882\" data-end=\"1118\" data-is-last-node=\"\" data-is-only-node=\"\">\u00c0 travers ces exercices prolong\u00e9s, Petkovic ne veut rien laisser au hasard. Sans obsession, mais avec m\u00e9thode, le s\u00e9lectionneur entend donner \u00e0 son groupe toutes les armes n\u00e9cessaires pour aborder ce rendez-vous crucial avec efficacit\u00e9.<\/p>\n<p>LIRE EGALEMENT : <a href=\"https:\/\/lagazettedufennec.com\/can-2025-hamidi-adjoint-de-desabre-lalgerie-capable-du-meilleur-comme-du-pire\/\" rel=\"nofollow noopener\" target=\"_blank\">CAN 2025 \u2013 Hamidi (adjoint de Desabre) : \u00ab L\u2019Alg\u00e9rie capable du meilleur comme du pire \u00bb<\/a><\/p>\n","protected":false},"excerpt":{"rendered":"En pr\u00e9vision de son huiti\u00e8me de finale de la Coupe d\u2019Afrique des Nations 2025, l\u2019\u00e9quipe nationale affine ses&hellip;\n","protected":false},"author":2,"featured_media":3277,"comment_status":"","ping_status":"","sticky":false,"template":"","format":"standard","meta":{"footnotes":""},"categories":[254],"tags":[255,314,505,2343,2853,2854],"class_list":{"0":"post-3276","1":"post","2":"type-post","3":"status-publish","4":"format-standard","5":"has-post-thumbnail","7":"category-algerie","8":"tag-algerie","9":"tag-algu00e9rie-can-2025","10":"tag-algu00e9rie-rd-congo","11":"tag-coupe-dafrique-2025","12":"tag-equipe-dalgu00e9rie","13":"tag-equipe-nationale"},"share_on_mastodon":{"url":"","error":""},"_links":{"self":[{"href":"https:\/\/www.europesays.com\/africa\/wp-json\/wp\/v2\/posts\/3276","targetHints":{"allow":["GET"]}}],"collection":[{"href":"https:\/\/www.europesays.com\/africa\/wp-json\/wp\/v2\/posts"}],"about":[{"href":"https:\/\/www.europesays.com\/africa\/wp-json\/wp\/v2\/types\/post"}],"author":[{"embeddable":true,"href":"https:\/\/www.europesays.com\/africa\/wp-json\/wp\/v2\/users\/2"}],"replies":[{"embeddable":true,"href":"https:\/\/www.europesays.com\/africa\/wp-json\/wp\/v2\/comments?post=3276"}],"version-history":[{"count":0,"href":"https:\/\/www.europesays.com\/africa\/wp-json\/wp\/v2\/posts\/3276\/revisions"}],"wp:featuredmedia":[{"embeddable":true,"href":"https:\/\/www.europesays.com\/africa\/wp-json\/wp\/v2\/media\/3277"}],"wp:attachment":[{"href":"https:\/\/www.europesays.com\/africa\/wp-json\/wp\/v2\/media?parent=3276"}],"wp:term":[{"taxonomy":"category","embeddable":true,"href":"https:\/\/www.europesays.com\/africa\/wp-json\/wp\/v2\/categories?post=3276"},{"taxonomy":"post_tag","embeddable":true,"href":"https:\/\/www.europesays.com\/africa\/wp-json\/wp\/v2\/tags?post=3276"}],"curies":[{"name":"wp","href":"https:\/\/api.w.org\/{rel}","templated":true}]}}