{"id":3358,"date":"2026-01-04T18:45:10","date_gmt":"2026-01-04T18:45:10","guid":{"rendered":"https:\/\/www.europesays.com\/africa\/3358\/"},"modified":"2026-01-04T18:45:10","modified_gmt":"2026-01-04T18:45:10","slug":"en-tournee-dans-le-djoloff-el-hadji-malick-ndiaye-vise-10-000-enrolements-a-la-cmu-et-prone-la-massification-de-pastef","status":"publish","type":"post","link":"https:\/\/www.europesays.com\/africa\/3358\/","title":{"rendered":"en tourn\u00e9e dans le Djoloff, El Hadji Malick Ndiaye vise 10 000 enr\u00f4lements \u00e0 la CMU et pr\u00f4ne la massification de Pastef"},"content":{"rendered":"\n<p style=\"text-align: justify;\">\u00c0 Dahra Djoloff, le patron de l\u2019h\u00e9micycle, v\u00eatu du maillot national, a suivi le match S\u00e9n\u00e9gal\u2013Soudan en compagnie des militants de Pastef. <\/p>\n<p style=\"text-align: justify;\">Dans cette localit\u00e9, El Hadji Malick Ndiaye a \u00e9galement pr\u00e9sid\u00e9 une c\u00e9r\u00e9monie de remise de dons, compos\u00e9s de m\u00e9dicaments et de mat\u00e9riel agricole. Selon lui, ce don de m\u00e9dicaments intervient \u00e0 point nomm\u00e9, dans un contexte o\u00f9 le monde rural souffre d\u2019un d\u00e9ficit d\u2019infrastructures sanitaires et surtout de mat\u00e9riel m\u00e9dical. <\/p>\n<p style=\"text-align: justify;\">S\u2019agissant du mat\u00e9riel agricole, un important lot de moulins \u00e0 mil a \u00e9t\u00e9 octroy\u00e9 aux femmes du d\u00e9partement de Lingu\u00e8re, dans le but de soutenir leurs activit\u00e9s \u00e9conomiques. <br \/>\u00ab C\u2019est cela Pastef,\u00a0nous avons toujours \u00e9t\u00e9 dans les activit\u00e9s sociales et citoyennes, bien avant notre arriv\u00e9e au pouvoir. Nous sommes simplement en train de renforcer cette dynamique des patriotes, en restant toujours aux c\u00f4t\u00e9s des populations \u00bb, a d\u00e9clar\u00e9 El Hadji Malick Ndiaye. <\/p>\n<p style=\"text-align: justify;\">Il a, par ailleurs, rappel\u00e9 que des actions sociales ont r\u00e9cemment \u00e9t\u00e9 men\u00e9es dans le d\u00e9partement, notamment dans le secteur de l\u2019\u00e9ducation, \u00e0 l\u2019initiative de responsables du parti. <\/p>\n<p style=\"text-align: justify;\">10 000 enr\u00f4lements \u00e0 la CMU pour Dahra Djolof\u00a0 <\/p>\n<p style=\"text-align: justify;\">En marge de cette c\u00e9r\u00e9monie, le Pr\u00e9sident de l\u2019Assembl\u00e9e nationale a annonc\u00e9 un objectif d\u2019enr\u00f4lement de 10 000 personnes \u00e0 la Couverture Maladie Universelle (CMU) dans le d\u00e9partement de Lingu\u00e8re. Pour le premier trimestre de 2026, 3 000 personnes devront \u00eatre enr\u00f4l\u00e9es. <\/p>\n<p style=\"text-align: justify;\">Tr\u00e8s sensible \u00e0 la situation sanitaire des couches vuln\u00e9rables, El Hadji Malick Ndiaye a pr\u00e9cis\u00e9 que les inscriptions cibleront notamment les talib\u00e9s, les femmes des march\u00e9s, les chauffeurs, ainsi que d\u2019autres cat\u00e9gories sociales d\u00e9favoris\u00e9es. \u00ab Tout le monde n\u2019a pas les moyens de se payer des soins de qualit\u00e9. Les inscriptions vont d\u00e9marrer incessamment \u00bb, a-t-il assur\u00e9. <br \/>\u00a0 <\/p>\n","protected":false},"excerpt":{"rendered":"\u00c0 Dahra Djoloff, le patron de l\u2019h\u00e9micycle, v\u00eatu du maillot national, a suivi le match S\u00e9n\u00e9gal\u2013Soudan en compagnie&hellip;\n","protected":false},"author":2,"featured_media":3359,"comment_status":"","ping_status":"","sticky":false,"template":"","format":"standard","meta":{"footnotes":""},"categories":[48],"tags":[64,274,279,273,277,278,271,281,283,272,280,276,275,159,282],"class_list":{"0":"post-3358","1":"post","2":"type-post","3":"status-publish","4":"format-standard","5":"has-post-thumbnail","7":"category-senegal","8":"tag-afrique","9":"tag-aliou-cisse","10":"tag-amadou-ba","11":"tag-apr","12":"tag-bassirou-diomaye-faye","13":"tag-bathelemy-dias","14":"tag-dakar","15":"tag-el-malick-ndiaye","16":"tag-guy-marius-sagna","17":"tag-macky-sall","18":"tag-madiambal-diagne","19":"tag-ousmane-sonko","20":"tag-pastef","21":"tag-senegal","22":"tag-ziguinchor"},"share_on_mastodon":{"url":"","error":""},"_links":{"self":[{"href":"https:\/\/www.europesays.com\/africa\/wp-json\/wp\/v2\/posts\/3358","targetHints":{"allow":["GET"]}}],"collection":[{"href":"https:\/\/www.europesays.com\/africa\/wp-json\/wp\/v2\/posts"}],"about":[{"href":"https:\/\/www.europesays.com\/africa\/wp-json\/wp\/v2\/types\/post"}],"author":[{"embeddable":true,"href":"https:\/\/www.europesays.com\/africa\/wp-json\/wp\/v2\/users\/2"}],"replies":[{"embeddable":true,"href":"https:\/\/www.europesays.com\/africa\/wp-json\/wp\/v2\/comments?post=3358"}],"version-history":[{"count":0,"href":"https:\/\/www.europesays.com\/africa\/wp-json\/wp\/v2\/posts\/3358\/revisions"}],"wp:featuredmedia":[{"embeddable":true,"href":"https:\/\/www.europesays.com\/africa\/wp-json\/wp\/v2\/media\/3359"}],"wp:attachment":[{"href":"https:\/\/www.europesays.com\/africa\/wp-json\/wp\/v2\/media?parent=3358"}],"wp:term":[{"taxonomy":"category","embeddable":true,"href":"https:\/\/www.europesays.com\/africa\/wp-json\/wp\/v2\/categories?post=3358"},{"taxonomy":"post_tag","embeddable":true,"href":"https:\/\/www.europesays.com\/africa\/wp-json\/wp\/v2\/tags?post=3358"}],"curies":[{"name":"wp","href":"https:\/\/api.w.org\/{rel}","templated":true}]}}