{"id":3380,"date":"2026-01-04T18:56:09","date_gmt":"2026-01-04T18:56:09","guid":{"rendered":"https:\/\/www.europesays.com\/africa\/3380\/"},"modified":"2026-01-04T18:56:09","modified_gmt":"2026-01-04T18:56:09","slug":"direct-afrique-du-sud-cameroun-suivez-le-match","status":"publish","type":"post","link":"https:\/\/www.europesays.com\/africa\/3380\/","title":{"rendered":"DIRECT. Afrique du Sud &#8211; Cameroun\u00a0: suivez le match"},"content":{"rendered":"<p><a name=\"post1767552778\"\/>19:52 &#8211; Entr\u00e9e des joueurs !<\/p>\n<p>Les deux \u00e9quipes font leur entr\u00e9e sur la pelouse. Place aux hymnes !<\/p>\n<p><a name=\"post1767552748\"\/>19:52 &#8211; L&#8217;arbitre de la rencontre<\/p>\n<p>Ce huiti\u00e8me de finale entre l&#8217;Afrique du Sud et le Cameroun sera arbitr\u00e9 par le K\u00e9nyan\u00a0Peter Waweru Kamaku.<\/p>\n<p><a name=\"post1767552606\"\/>19:50 &#8211; Qui pour affronter le Maroc ?<\/p>\n<p>Le vainqueur de cette rencontre entre l&#8217;Afrique du Sud et le Cameroun affrontera le Maroc en quarts de finale.<\/p>\n<p><a name=\"post1767552300\"\/>19:45 &#8211; La composition du Cameroun ! <\/p>\n<p>En face, le Cameroun reconduit son onze qui avait d\u00e9livr\u00e9 un bon match face \u00e0 la C\u00f4t\u00e9 d&#8217;Ivoire :\u00a0Epassy \u2013 Che M, Kotto, Tolo, Namaso \u2013 Ayom, Baleba \u2013 Tchamadeu, Yongwa, Mbeumo \u2013 Kofane.<\/p>\n<p><a name=\"post1767551802\"\/>19:36 &#8211; La composition de l&#8217;Afrique du Sud !<\/p>\n<p>Voici la composition de l&#8217;Afrique du Sud pour ce huiti\u00e8me de finale face au Cameroun :\u00a0Williams \u2013 Modiba, Mudau, Ngezana \u2013 Kabini, Sibisi \u2013 Mokoena, Aubaas, Mofokeng \u2013 Appollis, Foster.<\/p>\n<p><a name=\"post1767551220\"\/>19:27 &#8211; Le Cameroun pour une premi\u00e8re dans son histoire<\/p>\n<p>L&#8217;historique des confrontations entre ces deux s\u00e9lections offre une statistique surprenante : jamais dans son histoire le Cameroun n&#8217;a battu l&#8217;Afrique du Sud (une d\u00e9faite\u00a0et trois matches nuls) en comp\u00e9tition\u00a0officielle.<\/p>\n<p><a name=\"post1767550680\"\/>19:18 &#8211; Le Cameroun pour assumer son statut<\/p>\n<p>C&#8217;est dans ce genre de rencontre que le Cameroun est attendu pour assumer son statut de l&#8217;un des favoris du tournoi. Sortis en 8es de finale face au Nig\u00e9ria\u00a0lors de la CAN 2023, les Lions Indomptables sont bien d\u00e9termin\u00e9s \u00e0 faire mieux cette ann\u00e9e. Les Camerounais sont sortis sereinement des poules apr\u00e8s deux victoires et un nul face \u00e0 la C\u00f4te d&#8217;Ivoire (1-1).<\/p>\n<p><a name=\"post1767550110\"\/>19:08 &#8211; L&#8217;Afrique du Sud pour r\u00e9\u00e9diter l&#8217;exploit<\/p>\n<p>Surprenant demi-finaliste de la derni\u00e8re CAN, l&#8217;Afrique du Sud est en lice pour r\u00e9\u00e9diter cette \u00e9norme performance. Apr\u00e8s une phase de poule solide, deuxi\u00e8me derri\u00e8re l&#8217;Egypte avec deux victoires et une d\u00e9faite, c&#8217;est un adversaire de haute vol\u00e9e qui attend d\u00e9sormais les Bafana Bafana.\u00a0<\/p>\n<p><a name=\"post1767549600\"\/>19:00 &#8211; Bonsoir \u00e0 toutes et \u00e0 tous !<\/p>\n<p>Bienvenue sur notre site pour suivre en direct comment\u00e9 ce huiti\u00e8me\u00a0de finale de la <a href=\"https:\/\/www.linternaute.com\/sport\/competitions\/9447815-can-2025-tableau-et-calendrier-des-huitiemes-et-les-resultats-en-direct\/\" title=\"CAN 2025\" rel=\"nofollow noopener\" target=\"_blank\">CAN 2025<\/a> entre l&#8217;Afrique du Sud et le Cameroun. Coup d&#8217;envoi de la rencontre \u00e0 20h00\u00a0 au stade Al Barid de Rabat.<\/p>\n","protected":false},"excerpt":{"rendered":"19:52 &#8211; Entr\u00e9e des joueurs ! Les deux \u00e9quipes font leur entr\u00e9e sur la pelouse. Place aux hymnes&hellip;\n","protected":false},"author":2,"featured_media":2708,"comment_status":"","ping_status":"","sticky":false,"template":"","format":"standard","meta":{"footnotes":""},"categories":[62],"tags":[64,179,2440,249,252,251,253],"class_list":{"0":"post-3380","1":"post","2":"type-post","3":"status-publish","4":"format-standard","5":"has-post-thumbnail","7":"category-afrique","8":"tag-afrique","9":"tag-can-2025","10":"tag-cms-linternaute-9584054","11":"tag-controller-content","12":"tag-foot","13":"tag-format-papier","14":"tag-parallaxeinfeed"},"share_on_mastodon":{"url":"","error":""},"_links":{"self":[{"href":"https:\/\/www.europesays.com\/africa\/wp-json\/wp\/v2\/posts\/3380","targetHints":{"allow":["GET"]}}],"collection":[{"href":"https:\/\/www.europesays.com\/africa\/wp-json\/wp\/v2\/posts"}],"about":[{"href":"https:\/\/www.europesays.com\/africa\/wp-json\/wp\/v2\/types\/post"}],"author":[{"embeddable":true,"href":"https:\/\/www.europesays.com\/africa\/wp-json\/wp\/v2\/users\/2"}],"replies":[{"embeddable":true,"href":"https:\/\/www.europesays.com\/africa\/wp-json\/wp\/v2\/comments?post=3380"}],"version-history":[{"count":0,"href":"https:\/\/www.europesays.com\/africa\/wp-json\/wp\/v2\/posts\/3380\/revisions"}],"wp:featuredmedia":[{"embeddable":true,"href":"https:\/\/www.europesays.com\/africa\/wp-json\/wp\/v2\/media\/2708"}],"wp:attachment":[{"href":"https:\/\/www.europesays.com\/africa\/wp-json\/wp\/v2\/media?parent=3380"}],"wp:term":[{"taxonomy":"category","embeddable":true,"href":"https:\/\/www.europesays.com\/africa\/wp-json\/wp\/v2\/categories?post=3380"},{"taxonomy":"post_tag","embeddable":true,"href":"https:\/\/www.europesays.com\/africa\/wp-json\/wp\/v2\/tags?post=3380"}],"curies":[{"name":"wp","href":"https:\/\/api.w.org\/{rel}","templated":true}]}}