{"id":3383,"date":"2026-01-04T18:58:08","date_gmt":"2026-01-04T18:58:08","guid":{"rendered":"https:\/\/www.europesays.com\/africa\/3383\/"},"modified":"2026-01-04T18:58:08","modified_gmt":"2026-01-04T18:58:08","slug":"en-images-air-algerie-devoile-gara-djebilet-son-2e-airbus-a330neo","status":"publish","type":"post","link":"https:\/\/www.europesays.com\/africa\/3383\/","title":{"rendered":"EN IMAGES. Air Alg\u00e9rie d\u00e9voile \u00ab Gara Djebilet \u00bb son 2e Airbus A330neo"},"content":{"rendered":"<p class=\"p1\">La nouvelle flotte d\u2019Air Alg\u00e9rie commence \u00e0 se dessiner avec les premi\u00e8res livraisons des avions A330-900neo par le constructeur europ\u00e9en Airbus. La compagnie a\u00e9rienne alg\u00e9rienne en a command\u00e9 dix, deux ont d\u00e9j\u00e0 \u00e9t\u00e9 r\u00e9ceptionn\u00e9s.<\/p>\n<p class=\"p1\">Le premier A330-900neo flambant neuf de la compagnie a\u00e9rienne nationale a \u00e9t\u00e9 livr\u00e9 en novembre dernier. L\u2019appareil, baptis\u00e9 \u00ab\u00a0Novembre 54\u00a0\u00bb, est principalement affect\u00e9 aux vols long-courriers, notamment la ligne Alger \u2013 Montr\u00e9al.<\/p>\n<p>Le nom du nouvel avion Air Alg\u00e9rie d\u00e9voil\u00e9<\/p>\n<p class=\"p1\">Un peu plus d\u2019un mois apr\u00e8s cette premi\u00e8re livraison, Air Alg\u00e9rie re\u00e7oit un deuxi\u00e8me Airbus. <a href=\"https:\/\/www.visa-algerie.com\/video-air-algerie-le-2%e1%b5%89-airbus-a330neo-est-arrive-a-alger\/\" rel=\"nofollow noopener\" target=\"_blank\">La livraison s\u2019est faite le 31 d\u00e9cembre<\/a>, ce qui a permis \u00e0 la compagnie a\u00e9rienne nationale de finir l\u2019ann\u00e9e avec un appareil en plus.<\/p>\n<p class=\"p1\">L\u2019avion, immatricul\u00e9 7T-VJE, avait quitt\u00e9 le site d\u2019Airbus \u00e0 Toulouse pour arriver \u00e0 Alger en fin de journ\u00e9e. Le personnel d\u2019Air Alg\u00e9rie de son c\u00f4t\u00e9 n\u2019a pas perdu de temps, l\u2019affectant \u00e0 un premier vol.<\/p>\n<p><img decoding=\"async\" class=\"alignnone size-full wp-image-91307\" src=\"https:\/\/www.europesays.com\/africa\/wp-content\/uploads\/2026\/01\/f9bc36e5-5da2-4a86-a8af-0a17e4d95d04.jpeg\" loading=\"lazy\" alt=\"\" width=\"1280\" height=\"853\"  \/><\/p>\n<p class=\"p1\">L\u2019appareil a \u00e9t\u00e9 baptis\u00e9 Gara Djebilet, au nom du site minier strat\u00e9gique situ\u00e9 dans la wilaya de Tindouf. \u00ab\u00a0Suivant Novembre 54, Gara Djebilet a rejoint notre flotte\u00a0! Notre deuxi\u00e8me A330-900neo est arriv\u00e9 et il vole d\u00e9j\u00e0\u00a0!\u00a0\u00bb, indique Air Alg\u00e9rie dans une story publi\u00e9e ce 4 janvier.<\/p>\n<p><img loading=\"lazy\" decoding=\"async\" class=\"alignnone size-full wp-image-91305\" src=\"https:\/\/www.europesays.com\/africa\/wp-content\/uploads\/2026\/01\/79195553-0c66-49f0-83ab-bf13addd8b60.jpeg\" alt=\"\" width=\"1280\" height=\"853\"  \/><\/p>\n<p>Voici la premi\u00e8re destination du nouvel avion d\u2019Air Alg\u00e9rie<\/p>\n<p class=\"p1\">Mais vers quelle contr\u00e9e cet Airbus flambant neuf d\u2019Air Alg\u00e9rie a-t-il vol\u00e9 en premier ? Sa premi\u00e8re destination a \u00e9t\u00e9 les Emirats arabes unis. L\u2019avion a effectu\u00e9 le vol AH 4062, reliant Alger et Duba\u00ef, le 2 janvier dernier \u00e0 22h05, arrivant \u00e0 destination le 3 janvier, \u00e0 7h50. L\u2019appareil a d\u2019ailleurs connu un premier\u00a0<a href=\"https:\/\/www.visa-algerie.com\/air-algerie-que-sest-il-passe-a-latterrissage-du-vol-alger-dubai\/\" rel=\"nofollow noopener\" target=\"_blank\">atterrissage compliqu\u00e9<\/a> \u00e0 Duba\u00ef.<\/p>\n<p class=\"p1\">Air Alg\u00e9rie s\u2019appr\u00eate actuellement \u00e0 r\u00e9ceptionner son\u00a0<a href=\"https:\/\/www.visa-algerie.com\/video-air-algerie-le-troisieme-a330neo-pret-pour-la-livraison\/\" rel=\"nofollow noopener\" target=\"_blank\">troisi\u00e8me Airbus<\/a>\u00a0A330-900neo. Cet appareil, d\u00e9j\u00e0 peint aux couleurs de la compagnie nationale et frapp\u00e9 du logo de l\u2019hirondelle, a \u00e9t\u00e9 aper\u00e7u ce samedi 3 janvier \u00e0 l\u2019a\u00e9roport de Toulouse, site du constructeur Airbus, ce qui laisse penser \u00e0 une livraison imminente.<\/p>\n<p><img loading=\"lazy\" decoding=\"async\" class=\"alignnone size-full wp-image-91306\" src=\"https:\/\/www.europesays.com\/africa\/wp-content\/uploads\/2026\/01\/54e77344-555d-4d86-9c94-df4a08a03e41.jpeg\" alt=\"\" width=\"1280\" height=\"853\"  \/><\/p>\n<p>\u00a0<\/p>\n<p class=\"p1\">Il est \u00e0 noter qu\u2019Air Alg\u00e9rie a command\u00e9 au total 10 Airbus A330-900neo. Pour le moment seulement deux ont \u00e9t\u00e9 r\u00e9ceptionn\u00e9s. La compagnie a\u00e9rienne nationale a \u00e9galement command\u00e9 8 Boeing 737-9 Max ainsi que 16 ATR 72\u00a0(Ces derniers sont pour sa filiale Domestic Airlines).<\/p>\n","protected":false},"excerpt":{"rendered":"La nouvelle flotte d\u2019Air Alg\u00e9rie commence \u00e0 se dessiner avec les premi\u00e8res livraisons des avions A330-900neo par le&hellip;\n","protected":false},"author":2,"featured_media":3384,"comment_status":"","ping_status":"","sticky":false,"template":"","format":"standard","meta":{"footnotes":""},"categories":[254],"tags":[2259,255],"class_list":{"0":"post-3383","1":"post","2":"type-post","3":"status-publish","4":"format-standard","5":"has-post-thumbnail","7":"category-algerie","8":"tag-air-algerie-a330neo","9":"tag-algerie"},"share_on_mastodon":{"url":"","error":""},"_links":{"self":[{"href":"https:\/\/www.europesays.com\/africa\/wp-json\/wp\/v2\/posts\/3383","targetHints":{"allow":["GET"]}}],"collection":[{"href":"https:\/\/www.europesays.com\/africa\/wp-json\/wp\/v2\/posts"}],"about":[{"href":"https:\/\/www.europesays.com\/africa\/wp-json\/wp\/v2\/types\/post"}],"author":[{"embeddable":true,"href":"https:\/\/www.europesays.com\/africa\/wp-json\/wp\/v2\/users\/2"}],"replies":[{"embeddable":true,"href":"https:\/\/www.europesays.com\/africa\/wp-json\/wp\/v2\/comments?post=3383"}],"version-history":[{"count":0,"href":"https:\/\/www.europesays.com\/africa\/wp-json\/wp\/v2\/posts\/3383\/revisions"}],"wp:featuredmedia":[{"embeddable":true,"href":"https:\/\/www.europesays.com\/africa\/wp-json\/wp\/v2\/media\/3384"}],"wp:attachment":[{"href":"https:\/\/www.europesays.com\/africa\/wp-json\/wp\/v2\/media?parent=3383"}],"wp:term":[{"taxonomy":"category","embeddable":true,"href":"https:\/\/www.europesays.com\/africa\/wp-json\/wp\/v2\/categories?post=3383"},{"taxonomy":"post_tag","embeddable":true,"href":"https:\/\/www.europesays.com\/africa\/wp-json\/wp\/v2\/tags?post=3383"}],"curies":[{"name":"wp","href":"https:\/\/api.w.org\/{rel}","templated":true}]}}