{"id":344,"date":"2026-01-03T13:12:09","date_gmt":"2026-01-03T13:12:09","guid":{"rendered":"https:\/\/www.europesays.com\/africa\/344\/"},"modified":"2026-01-03T13:12:09","modified_gmt":"2026-01-03T13:12:09","slug":"les-statistiques-folles-de-maza-qui-marche-sur-la-can","status":"publish","type":"post","link":"https:\/\/www.europesays.com\/africa\/344\/","title":{"rendered":"les statistiques folles de Maza qui marche sur la CAN"},"content":{"rendered":"<p>\u00c0 chaque Coupe d&#8217;Afrique des Nations son lot de sensations. Pour cette \u00e9dition 2025 au Maroc, nombreux \u00e9taient ceux qui postulaient pour obtenir le titre de joueur frisson. Et au terme de la phase de poules, un homme semble en t\u00eate des suffrages dans les esprits des suiveurs, l&#8217;Alg\u00e9rien Ibrahim Maza.<\/p>\n<p>Auteur d&#8217;un d\u00e9but de saison impressionnant sous les couleurs du Bayer Leverkusen apr\u00e8s son transfert en provenance du Hertha Berlin (12 millions d&#8217;euros), il cumulait avant le d\u00e9but du tournoi 21 apparitions toutes comp\u00e9titions confondues pour quatre buts et trois passes d\u00e9cisives en Allemagne.<\/p>\n<p>\u00c0 lire aussi<\/p>\n<p>L&#8217;homme \u00e0 tout faire<\/p>\n<p>De quoi faire de lui un joueur important pour Vladimir Petkovic. D&#8217;abord rempla\u00e7ant face au Soudan en ouverture, il a ensuite gagn\u00e9 une place de titulaire contre la Guin\u00e9e \u00e9quatoriale et le Burkina Faso. En 181 minutes de jeu, il cumule d\u00e9j\u00e0 deux buts et une passe d\u00e9cisive sous les couleurs des Fennecs.<\/p>\n<p>De plus, il a r\u00e9ussi huit passes clefs, cr\u00e9\u00e9 deux grosses occasions, r\u00e9ussi quatre dribbles sur sept, r\u00e9ussi trois tacles sur cinq et remport\u00e9 14 duels sur 24. \u00c0 20 ans, le crack de Leverkusen n\u00e9 Berlin est incontestablement un des hommes \u00e0 suivre. Et cela se poursuivra d\u00e8s mardi avec le choc face \u00e0 la RD Congo en 8e de finale.<\/p>\n<p>   Partagez cette info avec vos amis et vos proches en cliquant ici<br \/> Pour r\u00e9sumer<\/p>\n<p>Ibrahim Maza (20 ans, Bayer Leverkusen), star de la CAN 2025 avec l\u2019Alg\u00e9rie, brille par ses stats : 2 buts, 1 passe d\u00e9cisive, 8 passes cl\u00e9s en 3 matchs. \u00c0 suivre mardi en 8e face \u00e0 la RD Congo. Un talent polyvalent et d\u00e9cisif !<\/p>\n<p>R\u00e9dacteur<\/p>\n<p><img decoding=\"async\" width=\"76\" height=\"76\" loading=\"lazy\" src=\"https:\/\/www.europesays.com\/africa\/wp-content\/uploads\/2026\/01\/logo-antoine-chirat.jpg\" alt=\"Antoine Chirat\"\/><\/p>\n","protected":false},"excerpt":{"rendered":"\u00c0 chaque Coupe d&#8217;Afrique des Nations son lot de sensations. Pour cette \u00e9dition 2025 au Maroc, nombreux \u00e9taient&hellip;\n","protected":false},"author":2,"featured_media":345,"comment_status":"","ping_status":"","sticky":false,"template":"","format":"standard","meta":{"footnotes":""},"categories":[254],"tags":[255,360],"class_list":{"0":"post-344","1":"post","2":"type-post","3":"status-publish","4":"format-standard","5":"has-post-thumbnail","7":"category-algerie","8":"tag-algerie","9":"tag-can"},"share_on_mastodon":{"url":"","error":""},"_links":{"self":[{"href":"https:\/\/www.europesays.com\/africa\/wp-json\/wp\/v2\/posts\/344","targetHints":{"allow":["GET"]}}],"collection":[{"href":"https:\/\/www.europesays.com\/africa\/wp-json\/wp\/v2\/posts"}],"about":[{"href":"https:\/\/www.europesays.com\/africa\/wp-json\/wp\/v2\/types\/post"}],"author":[{"embeddable":true,"href":"https:\/\/www.europesays.com\/africa\/wp-json\/wp\/v2\/users\/2"}],"replies":[{"embeddable":true,"href":"https:\/\/www.europesays.com\/africa\/wp-json\/wp\/v2\/comments?post=344"}],"version-history":[{"count":0,"href":"https:\/\/www.europesays.com\/africa\/wp-json\/wp\/v2\/posts\/344\/revisions"}],"wp:featuredmedia":[{"embeddable":true,"href":"https:\/\/www.europesays.com\/africa\/wp-json\/wp\/v2\/media\/345"}],"wp:attachment":[{"href":"https:\/\/www.europesays.com\/africa\/wp-json\/wp\/v2\/media?parent=344"}],"wp:term":[{"taxonomy":"category","embeddable":true,"href":"https:\/\/www.europesays.com\/africa\/wp-json\/wp\/v2\/categories?post=344"},{"taxonomy":"post_tag","embeddable":true,"href":"https:\/\/www.europesays.com\/africa\/wp-json\/wp\/v2\/tags?post=344"}],"curies":[{"name":"wp","href":"https:\/\/api.w.org\/{rel}","templated":true}]}}