{"id":346,"date":"2026-01-03T13:13:16","date_gmt":"2026-01-03T13:13:16","guid":{"rendered":"https:\/\/www.europesays.com\/africa\/346\/"},"modified":"2026-01-03T13:13:16","modified_gmt":"2026-01-03T13:13:16","slug":"apres-kalidou-koulibaly-un-autre-cadre-ne-jouera-pas-les-huitiemes","status":"publish","type":"post","link":"https:\/\/www.europesays.com\/africa\/346\/","title":{"rendered":"Apr\u00e8s Kalidou Koulibaly, un autre cadre ne jouera pas les huiti\u00e8mes"},"content":{"rendered":"<p>L\u2019\u00e9quipe nationale du S\u00e9n\u00e9gal s\u2019appr\u00eate \u00e0 disputer son huiti\u00e8me de finale de la Coupe d\u2019Afrique des Nations (CAN) 2025 face au Soudan, ce samedi \u00e0 16 heures GMT, au Grand Stade de Tanger. Ce match repr\u00e9sente une \u00e9tape cruciale pour les Lions, qui ambitionnent de poursuivre leur parcours dans la comp\u00e9tition et de d\u00e9fendre leur statut de pr\u00e9tendants au titre.            <\/p>\n<p class=\"pread\" style=\"background: #fff6d3;font-size:17px !important;padding:0px 0 16px 0;border:none;font-family:'source-sans-pro' !important;color:#444 !important;\">\n<p>La suite est r\u00e9serv\u00e9e \u00e0 nos abonn\u00e9s.<br \/>D\u00e9j\u00e0 abonn\u00e9 ? <a href=\"https:\/\/www.senenews.com\/login?redirect_to=https:\/\/www.senenews.com\/actualites\/senegal-vs-soudan-apres-kalidou-koulibaly-un-autre-cadre-ne-jouera-pas-les-huitiemes_571323.html\" style=\"text-decoration: underline !important;font-weight: bold;\" rel=\"nofollow noopener\" target=\"_blank\">Se connecter<\/a><\/p>\n<p>Profitez de 3 mois offerts<br \/>et acc\u00e9dez \u00e0 tous nos contenus<br \/>sans aucune publicit\u00e9<\/p>\n<p style=\"text-align:center;font-size:14px;font-family:'source-sans-pro'\">\n<a href=\"https:\/\/www.senenews.com\/rejoignez-senenews-premium-pour-soutenir-une-redaction-libre-et-independante\" style=\"text-decoration:none!important;border-bottom:1px solid\" rel=\"nofollow noopener\" target=\"_blank\">Pourquoi vous devez soutenir l\u2019initiative Senenews Premium?<\/a><\/p>\n","protected":false},"excerpt":{"rendered":"L\u2019\u00e9quipe nationale du S\u00e9n\u00e9gal s\u2019appr\u00eate \u00e0 disputer son huiti\u00e8me de finale de la Coupe d\u2019Afrique des Nations (CAN)&hellip;\n","protected":false},"author":2,"featured_media":347,"comment_status":"","ping_status":"","sticky":false,"template":"","format":"standard","meta":{"footnotes":""},"categories":[48],"tags":[480,161,311,159,163,481],"class_list":{"0":"post-346","1":"post","2":"type-post","3":"status-publish","4":"format-standard","5":"has-post-thumbnail","7":"category-senegal","8":"tag-a-la-une","9":"tag-articles-premium","10":"tag-football","11":"tag-senegal","12":"tag-senegal-actualites","13":"tag-senenews-sport"},"share_on_mastodon":{"url":"","error":""},"_links":{"self":[{"href":"https:\/\/www.europesays.com\/africa\/wp-json\/wp\/v2\/posts\/346","targetHints":{"allow":["GET"]}}],"collection":[{"href":"https:\/\/www.europesays.com\/africa\/wp-json\/wp\/v2\/posts"}],"about":[{"href":"https:\/\/www.europesays.com\/africa\/wp-json\/wp\/v2\/types\/post"}],"author":[{"embeddable":true,"href":"https:\/\/www.europesays.com\/africa\/wp-json\/wp\/v2\/users\/2"}],"replies":[{"embeddable":true,"href":"https:\/\/www.europesays.com\/africa\/wp-json\/wp\/v2\/comments?post=346"}],"version-history":[{"count":0,"href":"https:\/\/www.europesays.com\/africa\/wp-json\/wp\/v2\/posts\/346\/revisions"}],"wp:featuredmedia":[{"embeddable":true,"href":"https:\/\/www.europesays.com\/africa\/wp-json\/wp\/v2\/media\/347"}],"wp:attachment":[{"href":"https:\/\/www.europesays.com\/africa\/wp-json\/wp\/v2\/media?parent=346"}],"wp:term":[{"taxonomy":"category","embeddable":true,"href":"https:\/\/www.europesays.com\/africa\/wp-json\/wp\/v2\/categories?post=346"},{"taxonomy":"post_tag","embeddable":true,"href":"https:\/\/www.europesays.com\/africa\/wp-json\/wp\/v2\/tags?post=346"}],"curies":[{"name":"wp","href":"https:\/\/api.w.org\/{rel}","templated":true}]}}