{"id":3460,"date":"2026-01-04T19:40:16","date_gmt":"2026-01-04T19:40:16","guid":{"rendered":"https:\/\/www.europesays.com\/africa\/3460\/"},"modified":"2026-01-04T19:40:16","modified_gmt":"2026-01-04T19:40:16","slug":"afrique-du-sud-cameroun-les-compositions-officielles-2","status":"publish","type":"post","link":"https:\/\/www.europesays.com\/africa\/3460\/","title":{"rendered":"Afrique du Sud &#8211; Cameroun : les compositions officielles"},"content":{"rendered":"<p>Sacr\u00e9 choc pour ce quatri\u00e8me huiti\u00e8me de finale de la CAN 2025, avec la garantie de voir l&#8217;un des outsiders de la comp\u00e9tition prendre la porte d\u00e8s ce stade pr\u00e9coce. L&#8217;Afrique du Sud, qui a affich\u00e9 un visage convaincant en phase de poules en chutant uniquement face \u00e0 l&#8217;Egypte, affronte un Cameroun en pleine r\u00e9demption.<\/p>\n<p>D\u00e9barrass\u00e9 de ses soucis internes pour cette CAN et visiblement habit\u00e9 par l&#8217;envie de montrer un visage combatif, le Cameroun reste invaincu dans cette comp\u00e9tition, avec deux victoires et un match nul contre la C\u00f4te d&#8217;Ivoire. Qui des deux nations va atteindre le cap des quarts de finale ?<\/p>\n<p>Les compositions officielles<\/p>\n<p>Afrique du Sud : Williams; Mudau, Ngezana, Mbokazi, Kabini; Mokoena, Sibisi; Appollis, Mofokeng, Aubaas; Foster<\/p>\n<p>Cameroun : Epassy; Malone, Kotto, Tolo; Tchamadeu, Avom, Namaso, Baleba, Yongwa; Mbeumo, Kofane<\/p>\n<p>   Partagez cette info avec vos amis et vos proches en cliquant ici<br \/> Pour r\u00e9sumer<\/p>\n<p>Afrique du Sud et Cameroun s\u2019affrontent en huiti\u00e8me de finale de la CAN 2025 dans un duel \u00e0 haute intensit\u00e9. Les Bafana Bafana, solides en poules, d\u00e9fient des Lions Indomptables revanchards et toujours invaincus. Un outsider quittera la comp\u00e9tition aux portes des quarts.<\/p>\n<p>R\u00e9dacteur<\/p>\n<p><img decoding=\"async\" width=\"76\" height=\"76\" loading=\"lazy\" src=\"https:\/\/www.europesays.com\/africa\/wp-content\/uploads\/2026\/01\/logo-julien-pedebos.jpg\" alt=\"Julien P\u00e9debos\"\/><\/p>\n","protected":false},"excerpt":{"rendered":"Sacr\u00e9 choc pour ce quatri\u00e8me huiti\u00e8me de finale de la CAN 2025, avec la garantie de voir l&#8217;un&hellip;\n","protected":false},"author":2,"featured_media":3461,"comment_status":"","ping_status":"","sticky":false,"template":"","format":"standard","meta":{"footnotes":""},"categories":[62],"tags":[64,360],"class_list":{"0":"post-3460","1":"post","2":"type-post","3":"status-publish","4":"format-standard","5":"has-post-thumbnail","7":"category-afrique","8":"tag-afrique","9":"tag-can"},"share_on_mastodon":{"url":"","error":""},"_links":{"self":[{"href":"https:\/\/www.europesays.com\/africa\/wp-json\/wp\/v2\/posts\/3460","targetHints":{"allow":["GET"]}}],"collection":[{"href":"https:\/\/www.europesays.com\/africa\/wp-json\/wp\/v2\/posts"}],"about":[{"href":"https:\/\/www.europesays.com\/africa\/wp-json\/wp\/v2\/types\/post"}],"author":[{"embeddable":true,"href":"https:\/\/www.europesays.com\/africa\/wp-json\/wp\/v2\/users\/2"}],"replies":[{"embeddable":true,"href":"https:\/\/www.europesays.com\/africa\/wp-json\/wp\/v2\/comments?post=3460"}],"version-history":[{"count":0,"href":"https:\/\/www.europesays.com\/africa\/wp-json\/wp\/v2\/posts\/3460\/revisions"}],"wp:featuredmedia":[{"embeddable":true,"href":"https:\/\/www.europesays.com\/africa\/wp-json\/wp\/v2\/media\/3461"}],"wp:attachment":[{"href":"https:\/\/www.europesays.com\/africa\/wp-json\/wp\/v2\/media?parent=3460"}],"wp:term":[{"taxonomy":"category","embeddable":true,"href":"https:\/\/www.europesays.com\/africa\/wp-json\/wp\/v2\/categories?post=3460"},{"taxonomy":"post_tag","embeddable":true,"href":"https:\/\/www.europesays.com\/africa\/wp-json\/wp\/v2\/tags?post=3460"}],"curies":[{"name":"wp","href":"https:\/\/api.w.org\/{rel}","templated":true}]}}