{"id":3466,"date":"2026-01-04T19:43:08","date_gmt":"2026-01-04T19:43:08","guid":{"rendered":"https:\/\/www.europesays.com\/africa\/3466\/"},"modified":"2026-01-04T19:43:08","modified_gmt":"2026-01-04T19:43:08","slug":"fraize-necrologie-deces-dandre-morel","status":"publish","type":"post","link":"https:\/\/www.europesays.com\/africa\/3466\/","title":{"rendered":"Fraize | N\u00e9crologie. D\u00e9c\u00e8s d\u2019Andr\u00e9 Morel"},"content":{"rendered":"<p>Andr\u00e9 Morel est d\u00e9c\u00e9d\u00e9 vendredi 2\u00a0janvier \u00e0 l\u2019h\u00f4pital de Toul \u00e0 93 ans.<\/p>\n<p>N\u00e9 le 21\u00a0mai 1932 au Valtin, il a r\u00e9alis\u00e9 un apprentissage d\u2019ajusteur avant de travailler aux \u00e9tablissements Marchal \u00e0 Saint-Di\u00e9. Il s\u2019est ensuite engag\u00e9 dans les troupes coloniales pour servir \u00e0 Madagascar, en C\u00f4te d\u2019Ivoire, en Alg\u00e9rie, au S\u00e9n\u00e9gal et au Niger.<\/p>\n<p>Le 9\u00a0mai 1964, il a \u00e9pous\u00e9 Alberte Perrotey, d\u00e9c\u00e9d\u00e9e le 1er \u00a0janvier 2021. De leur union sont n\u00e9s Fr\u00e9d\u00e9ric et G\u00e9raldine, qui ont agrandi la famille de trois petits-enfants, Maxime, C\u00e9lian et Ambroisine, \u00e0 qui Andr\u00e9 aimait consacrer son temps.<\/p>\n<p>Il a termin\u00e9 sa carri\u00e8re \u00e0 l\u2019ERM de Toul-Dongermain. Retrait\u00e9 depuis 1985, il s\u2019investissait au profit des anciens combattants et des m\u00e9daill\u00e9s militaires de Dommartin-l\u00e8s-Toul.<\/p>\n<p>Entre ses deux r\u00e9sidences de Fraize et Dommartin-l\u00e8s-Toul, il appr\u00e9ciait partager des moments chaleureux avec ses enfants. Rendant service, il affectionnait les travaux au grand air et le bricolage. Il laisse le souvenir de sa joie de vivre et de son espi\u00e8glerie.<\/p>\n","protected":false},"excerpt":{"rendered":"Andr\u00e9 Morel est d\u00e9c\u00e9d\u00e9 vendredi 2\u00a0janvier \u00e0 l\u2019h\u00f4pital de Toul \u00e0 93 ans. N\u00e9 le 21\u00a0mai 1932 au&hellip;\n","protected":false},"author":2,"featured_media":3467,"comment_status":"","ping_status":"","sticky":false,"template":"","format":"standard","meta":{"footnotes":""},"categories":[48],"tags":[2959,2957,2960,2958,2956,159,239],"class_list":{"0":"post-3466","1":"post","2":"type-post","3":"status-publish","4":"format-standard","5":"has-post-thumbnail","7":"category-senegal","8":"tag-ca-de-saint-die-des-vosges-88b3","9":"tag-carnet-du-jour","10":"tag-edition-saint-die","11":"tag-fraize","12":"tag-necrologie","13":"tag-senegal","14":"tag-societe"},"share_on_mastodon":{"url":"","error":""},"_links":{"self":[{"href":"https:\/\/www.europesays.com\/africa\/wp-json\/wp\/v2\/posts\/3466","targetHints":{"allow":["GET"]}}],"collection":[{"href":"https:\/\/www.europesays.com\/africa\/wp-json\/wp\/v2\/posts"}],"about":[{"href":"https:\/\/www.europesays.com\/africa\/wp-json\/wp\/v2\/types\/post"}],"author":[{"embeddable":true,"href":"https:\/\/www.europesays.com\/africa\/wp-json\/wp\/v2\/users\/2"}],"replies":[{"embeddable":true,"href":"https:\/\/www.europesays.com\/africa\/wp-json\/wp\/v2\/comments?post=3466"}],"version-history":[{"count":0,"href":"https:\/\/www.europesays.com\/africa\/wp-json\/wp\/v2\/posts\/3466\/revisions"}],"wp:featuredmedia":[{"embeddable":true,"href":"https:\/\/www.europesays.com\/africa\/wp-json\/wp\/v2\/media\/3467"}],"wp:attachment":[{"href":"https:\/\/www.europesays.com\/africa\/wp-json\/wp\/v2\/media?parent=3466"}],"wp:term":[{"taxonomy":"category","embeddable":true,"href":"https:\/\/www.europesays.com\/africa\/wp-json\/wp\/v2\/categories?post=3466"},{"taxonomy":"post_tag","embeddable":true,"href":"https:\/\/www.europesays.com\/africa\/wp-json\/wp\/v2\/tags?post=3466"}],"curies":[{"name":"wp","href":"https:\/\/api.w.org\/{rel}","templated":true}]}}