{"id":3468,"date":"2026-01-04T19:44:09","date_gmt":"2026-01-04T19:44:09","guid":{"rendered":"https:\/\/www.europesays.com\/africa\/3468\/"},"modified":"2026-01-04T19:44:09","modified_gmt":"2026-01-04T19:44:09","slug":"en-colere-les-avocats-se-mettent-en-greve-le-mardi-6-janvier","status":"publish","type":"post","link":"https:\/\/www.europesays.com\/africa\/3468\/","title":{"rendered":"En col\u00e8re, les avocats se mettent en gr\u00e8ve le mardi 6 janvier"},"content":{"rendered":"<p>Les avocats r\u00e9affirment leur attachement \u00e0 leur position concernant le projet de loi n\u00b0 66-23, tel qu\u2019il leur a \u00e9t\u00e9 transmis par le minist\u00e8re de la Justice. Dans un communiqu\u00e9 diffus\u00e9 \u00e0 l\u2019issue de leur assembl\u00e9e g\u00e9n\u00e9rale extraordinaire consacr\u00e9e \u00e0 l\u2019examen dudit texte, le Bureau de l\u2019Association des barreaux du Maroc (ABAM) s\u2019est dit insatisfait des dispositions de cette r\u00e9forme, qu\u2019il juge toujours \u00e9loign\u00e9es des engagements pris par le minist\u00e8re lors des s\u00e9ances de dialogue.     <\/p>\n<p>\u00c0 cet \u00e9gard, l\u2019Association a regrett\u00e9 l\u2019abandon par le minist\u00e8re de tutelle des conclusions issues des consultations men\u00e9es dans le cadre de l\u2019approche participative convenue pour mener \u00e0 bien la r\u00e9forme de la profession d\u2019avocat. Les robes noires ont \u00e9galement appel\u00e9 au retrait pur et simple du projet de loi, qu\u2019elles estiment attentatoire \u00e0 l\u2019ind\u00e9pendance et \u00e0 l\u2019autonomie de la profession.     <\/p>\n<p>Selon l\u2019ABAM, il n\u2019est pas question que le texte soit valid\u00e9 en Conseil de gouvernement sans la prise en consid\u00e9ration des observations formul\u00e9es par l\u2019Association des barreaux du Maroc et la rectification des dispositions controvers\u00e9es, et ce sans aucune ing\u00e9rence de parties non concern\u00e9es par le texte.     <\/p>\n<p>\u00ab Les avocats du Maroc ne se sentiront concern\u00e9s par aucune loi professionnelle qui ne respecte pas les principes majeurs de la profession d\u2019avocat et sa sp\u00e9cificit\u00e9 en tant que profession humaine et de d\u00e9fense des droits, \u00e0 dimension universelle, une mission et non une simple fonction, et qui ne garantisse pas une profession d\u2019avocat forte, protectrice du droit de la d\u00e9fense des citoyens, contribuant \u00e0 la r\u00e9alisation d\u2019un proc\u00e8s \u00e9quitable et constituant un pilier fondamental de l\u2019\u00c9tat d\u00e9mocratique \u00bb, souligne l\u2019ABAM dans son communiqu\u00e9.     <\/p>\n<p>Afin de faire entendre leur voix, l\u2019Association des barreaux du Maroc a annonc\u00e9 la tenue prochaine d\u2019une conf\u00e9rence de presse destin\u00e9e \u00e0 communiquer autour des griefs des professionnels \u00e0 l\u2019encontre de ce projet de loi. Elle a \u00e9galement d\u00e9cid\u00e9 un arr\u00eat de l\u2019activit\u00e9 des avocats mardi prochain, dans le but de pousser le ministre de la Justice, Abdellatif Ouahbi, \u00e0 revoir sa r\u00e9forme. Celle-ci \u00e9tant toujours rejet\u00e9e en bloc par les professionnels.<\/p>\n","protected":false},"excerpt":{"rendered":"Les avocats r\u00e9affirment leur attachement \u00e0 leur position concernant le projet de loi n\u00b0 66-23, tel qu\u2019il leur&hellip;\n","protected":false},"author":2,"featured_media":3469,"comment_status":"","ping_status":"","sticky":false,"template":"","format":"standard","meta":{"footnotes":""},"categories":[41],"tags":[554,553,555,556,563,565,560,567,561,557,162,566,564,558,559,158,562,248,239,310,568],"class_list":{"0":"post-3468","1":"post","2":"type-post","3":"status-publish","4":"format-standard","5":"has-post-thumbnail","7":"category-maroc","8":"tag-actualites","9":"tag-actualites-et-infos-au-maroc","10":"tag-actualites-et-infos-mondiale","11":"tag-actualites-marocaines-du-jour","12":"tag-alimentation","13":"tag-analyses","14":"tag-art-de-vivre","15":"tag-chronique","16":"tag-consommation-et-bien-etre","17":"tag-culture","18":"tag-economie","19":"tag-edito","20":"tag-etudes","21":"tag-insolite","22":"tag-loisirs","23":"tag-maroc","24":"tag-mode","25":"tag-politique","26":"tag-societe","27":"tag-sport","28":"tag-tribune"},"share_on_mastodon":{"url":"","error":""},"_links":{"self":[{"href":"https:\/\/www.europesays.com\/africa\/wp-json\/wp\/v2\/posts\/3468","targetHints":{"allow":["GET"]}}],"collection":[{"href":"https:\/\/www.europesays.com\/africa\/wp-json\/wp\/v2\/posts"}],"about":[{"href":"https:\/\/www.europesays.com\/africa\/wp-json\/wp\/v2\/types\/post"}],"author":[{"embeddable":true,"href":"https:\/\/www.europesays.com\/africa\/wp-json\/wp\/v2\/users\/2"}],"replies":[{"embeddable":true,"href":"https:\/\/www.europesays.com\/africa\/wp-json\/wp\/v2\/comments?post=3468"}],"version-history":[{"count":0,"href":"https:\/\/www.europesays.com\/africa\/wp-json\/wp\/v2\/posts\/3468\/revisions"}],"wp:featuredmedia":[{"embeddable":true,"href":"https:\/\/www.europesays.com\/africa\/wp-json\/wp\/v2\/media\/3469"}],"wp:attachment":[{"href":"https:\/\/www.europesays.com\/africa\/wp-json\/wp\/v2\/media?parent=3468"}],"wp:term":[{"taxonomy":"category","embeddable":true,"href":"https:\/\/www.europesays.com\/africa\/wp-json\/wp\/v2\/categories?post=3468"},{"taxonomy":"post_tag","embeddable":true,"href":"https:\/\/www.europesays.com\/africa\/wp-json\/wp\/v2\/tags?post=3468"}],"curies":[{"name":"wp","href":"https:\/\/api.w.org\/{rel}","templated":true}]}}