{"id":3517,"date":"2026-01-04T20:13:06","date_gmt":"2026-01-04T20:13:06","guid":{"rendered":"https:\/\/www.europesays.com\/africa\/3517\/"},"modified":"2026-01-04T20:13:06","modified_gmt":"2026-01-04T20:13:06","slug":"le-ministre-abdourahmane-diouf-revient-a-la-charge","status":"publish","type":"post","link":"https:\/\/www.europesays.com\/africa\/3517\/","title":{"rendered":"Le ministre Abdourahmane Diouf revient \u00e0 la charge"},"content":{"rendered":"<p>\u00c0 Saint-Louis, le parti Awal\u00e9 acc\u00e9l\u00e8re son implantation territoriale et affine son dispositif politique. En multipliant les tourn\u00e9es de terrain, l\u2019installation de cellules de base et les campagnes d\u2019adh\u00e9sion, la formation dirig\u00e9e par le ministre Abdourahmane Diouf affiche clairement sa volont\u00e9 de peser lors des prochaines \u00e9ch\u00e9ances \u00e9lectorales, alors m\u00eame que son leader occupe un portefeuille minist\u00e9riel au sein du gouvernement.            <\/p>\n<p class=\"pread\" style=\"background: #fff6d3;font-size:17px !important;padding:0px 0 16px 0;border:none;font-family:'source-sans-pro' !important;color:#444 !important;\">\n<p>La suite est r\u00e9serv\u00e9e \u00e0 nos abonn\u00e9s.<br \/>D\u00e9j\u00e0 abonn\u00e9 ? <a href=\"https:\/\/www.senenews.com\/login?redirect_to=https:\/\/www.senenews.com\/premium\/ambitions-politiques-affirmees-le-ministre-abdourahmane-diouf-revient-a-la-charge_571401.html\" style=\"text-decoration: underline !important;font-weight: bold;\" rel=\"nofollow noopener\" target=\"_blank\">Se connecter<\/a><\/p>\n<p>Profitez de 3 mois offerts<br \/>et acc\u00e9dez \u00e0 tous nos contenus<br \/>sans aucune publicit\u00e9<\/p>\n<p style=\"text-align:center;font-size:14px;font-family:'source-sans-pro'\">\n<a href=\"https:\/\/www.senenews.com\/rejoignez-senenews-premium-pour-soutenir-une-redaction-libre-et-independante\" style=\"text-decoration:none!important;border-bottom:1px solid\" rel=\"nofollow noopener\" target=\"_blank\">Pourquoi vous devez soutenir l\u2019initiative Senenews Premium?<\/a><\/p>\n","protected":false},"excerpt":{"rendered":"\u00c0 Saint-Louis, le parti Awal\u00e9 acc\u00e9l\u00e8re son implantation territoriale et affine son dispositif politique. En multipliant les tourn\u00e9es&hellip;\n","protected":false},"author":2,"featured_media":3518,"comment_status":"","ping_status":"","sticky":false,"template":"","format":"standard","meta":{"footnotes":""},"categories":[48],"tags":[2995,161,248,159,163],"class_list":{"0":"post-3517","1":"post","2":"type-post","3":"status-publish","4":"format-standard","5":"has-post-thumbnail","7":"category-senegal","8":"tag-abdourahmane-diouf","9":"tag-articles-premium","10":"tag-politique","11":"tag-senegal","12":"tag-senegal-actualites"},"share_on_mastodon":{"url":"","error":""},"_links":{"self":[{"href":"https:\/\/www.europesays.com\/africa\/wp-json\/wp\/v2\/posts\/3517","targetHints":{"allow":["GET"]}}],"collection":[{"href":"https:\/\/www.europesays.com\/africa\/wp-json\/wp\/v2\/posts"}],"about":[{"href":"https:\/\/www.europesays.com\/africa\/wp-json\/wp\/v2\/types\/post"}],"author":[{"embeddable":true,"href":"https:\/\/www.europesays.com\/africa\/wp-json\/wp\/v2\/users\/2"}],"replies":[{"embeddable":true,"href":"https:\/\/www.europesays.com\/africa\/wp-json\/wp\/v2\/comments?post=3517"}],"version-history":[{"count":0,"href":"https:\/\/www.europesays.com\/africa\/wp-json\/wp\/v2\/posts\/3517\/revisions"}],"wp:featuredmedia":[{"embeddable":true,"href":"https:\/\/www.europesays.com\/africa\/wp-json\/wp\/v2\/media\/3518"}],"wp:attachment":[{"href":"https:\/\/www.europesays.com\/africa\/wp-json\/wp\/v2\/media?parent=3517"}],"wp:term":[{"taxonomy":"category","embeddable":true,"href":"https:\/\/www.europesays.com\/africa\/wp-json\/wp\/v2\/categories?post=3517"},{"taxonomy":"post_tag","embeddable":true,"href":"https:\/\/www.europesays.com\/africa\/wp-json\/wp\/v2\/tags?post=3517"}],"curies":[{"name":"wp","href":"https:\/\/api.w.org\/{rel}","templated":true}]}}