{"id":3519,"date":"2026-01-04T20:14:07","date_gmt":"2026-01-04T20:14:07","guid":{"rendered":"https:\/\/www.europesays.com\/africa\/3519\/"},"modified":"2026-01-04T20:14:07","modified_gmt":"2026-01-04T20:14:07","slug":"montrond-les-bains-les-commercants-satisfaits-de-leur-jeu-du-mois-de-decembre","status":"publish","type":"post","link":"https:\/\/www.europesays.com\/africa\/3519\/","title":{"rendered":"Montrond-les-Bains. Les commer\u00e7ants satisfaits de leur jeu du mois de d\u00e9cembre"},"content":{"rendered":"<p class=\"heading\">&#8230;pour lire la suite, rejoignez notre communaut\u00e9 d&#8217;abonn\u00e9s<\/p>\n<p class=\"subtitle\">et acc\u00e9dez \u00e0 l&#8217;int\u00e9gralit\u00e9 de nos articles sur le site et l&#8217;application mobile<\/p>\n<p class=\"price-detail\">&#13;<br \/>\n\t\t\t\t\t\t\t\t\t\t\t\t\u00e0 partir de 1 \u20ac  le 1er mois, sans engagement de dur\u00e9e&#13;\n\t\t\t\t\t\t\t\t\t\t\t<\/p>\n<p class=\"listSKU\" style=\"display:none\">{&#8216;skus&#8217;: [&#8216;lprswgpremium16&#8217;]}<\/p>\n<p class=\"google-sub-infos\">Google : 1\u20ac le 1er mois puis 12,99\u20ac<\/p>\n","protected":false},"excerpt":{"rendered":"&#8230;pour lire la suite, rejoignez notre communaut\u00e9 d&#8217;abonn\u00e9s et acc\u00e9dez \u00e0 l&#8217;int\u00e9gralit\u00e9 de nos articles sur le site&hellip;\n","protected":false},"author":2,"featured_media":3520,"comment_status":"","ping_status":"","sticky":false,"template":"","format":"standard","meta":{"footnotes":""},"categories":[41],"tags":[2996,162,2999,158,2997,2998],"class_list":{"0":"post-3519","1":"post","2":"type-post","3":"status-publish","4":"format-standard","5":"has-post-thumbnail","7":"category-maroc","8":"tag-commerce-et-services","9":"tag-economie","10":"tag-edition-loire-centre","11":"tag-maroc","12":"tag-montrond-les-bains","13":"tag-saint-galmier-bassin"},"share_on_mastodon":{"url":"","error":""},"_links":{"self":[{"href":"https:\/\/www.europesays.com\/africa\/wp-json\/wp\/v2\/posts\/3519","targetHints":{"allow":["GET"]}}],"collection":[{"href":"https:\/\/www.europesays.com\/africa\/wp-json\/wp\/v2\/posts"}],"about":[{"href":"https:\/\/www.europesays.com\/africa\/wp-json\/wp\/v2\/types\/post"}],"author":[{"embeddable":true,"href":"https:\/\/www.europesays.com\/africa\/wp-json\/wp\/v2\/users\/2"}],"replies":[{"embeddable":true,"href":"https:\/\/www.europesays.com\/africa\/wp-json\/wp\/v2\/comments?post=3519"}],"version-history":[{"count":0,"href":"https:\/\/www.europesays.com\/africa\/wp-json\/wp\/v2\/posts\/3519\/revisions"}],"wp:featuredmedia":[{"embeddable":true,"href":"https:\/\/www.europesays.com\/africa\/wp-json\/wp\/v2\/media\/3520"}],"wp:attachment":[{"href":"https:\/\/www.europesays.com\/africa\/wp-json\/wp\/v2\/media?parent=3519"}],"wp:term":[{"taxonomy":"category","embeddable":true,"href":"https:\/\/www.europesays.com\/africa\/wp-json\/wp\/v2\/categories?post=3519"},{"taxonomy":"post_tag","embeddable":true,"href":"https:\/\/www.europesays.com\/africa\/wp-json\/wp\/v2\/tags?post=3519"}],"curies":[{"name":"wp","href":"https:\/\/api.w.org\/{rel}","templated":true}]}}