{"id":3591,"date":"2026-01-04T20:55:07","date_gmt":"2026-01-04T20:55:07","guid":{"rendered":"https:\/\/www.europesays.com\/africa\/3591\/"},"modified":"2026-01-04T20:55:07","modified_gmt":"2026-01-04T20:55:07","slug":"la-guerre-dalgerie-et-les-vertus-celebrees-des-mediations-suisses","status":"publish","type":"post","link":"https:\/\/www.europesays.com\/africa\/3591\/","title":{"rendered":"La Guerre d\u2019Alg\u00e9rie et les vertus c\u00e9l\u00e9br\u00e9es des m\u00e9diations suisses"},"content":{"rendered":"<p>Le livre Un Journal t\u00e9moin de son temps soutient que \u00abl\u2019incapacit\u00e9\u00bb de la IVe\u00a0R\u00e9publique \u00e0 trouver une issue au drame alg\u00e9rien occupe une large place dans le Journal de Gen\u00e8ve, dont plus de 30\u00a0000 exemplaires sont lus en France. Sans rel\u00e2che, Ren\u00e9 Payot r\u00e9p\u00e9tera \u00abtout au long du conflit\u00bb, d\u00e8s 1954 et jusqu\u2019aux accords<a href=\"https:\/\/www.letempsarchives.ch\/recherche?q=%22Accords+d%27Evian%22\" rel=\"nofollow noopener\" target=\"_blank\">d\u2019Evian<\/a>, que la seule issue raisonnable est d\u2019associer les musulmans colonis\u00e9s depuis 1830 \u00ab\u00e0 la gestion des affaires publiques\u00bb.<\/p>\n<p>Objectif qu\u2019il interpr\u00e8te comme un \u00absucc\u00e8s de la politique gaulliste\u00bb <a href=\"https:\/\/www.letempsarchives.ch\/page\/JDG_1961_06_21\/1\/article\/7016005\" rel=\"nofollow noopener\" target=\"_blank\">le 21\u00a0juin 1961<\/a>. Mais aussi comme un succ\u00e8s ind\u00e9niable, dans la tradition aujourd\u2019hui un peu \u00e9corn\u00e9e mais qu\u2019il ne surestime alors point de l\u2019<a href=\"https:\/\/www.letempsarchives.ch\/recherche?q=%22Helvetia+mediatrix%22\" rel=\"nofollow noopener\" target=\"_blank\">\u00abHelvetia mediatrix\u00bb<\/a>. Ce concept popularis\u00e9 par l\u2019historien des id\u00e9es zurichois Fritz Ernst (1889-1958) symbolise le r\u00f4le historique et moral de la Suisse en tant que puissance neutre et m\u00e9diatrice. En particulier dans la facilitation de n\u00e9gociations de paix, ici entre Paris et Alger.<\/p>\n<p>Prudent, <a href=\"https:\/\/www.letempsarchives.ch\/page\/JDG_1961_05_23\/1\" rel=\"nofollow noopener\" target=\"_blank\">Olivier Reverdin<\/a> en d\u00e9crit les vertus le 23\u00a0mai de la m\u00eame ann\u00e9e en d\u00e9finissant le processus comme de \u00abbons offices \u00e0 disposition de deux adversaires d\u00e9sireux de se r\u00e9concilier, deux peuples m\u00e9diterran\u00e9ens qui auraient un int\u00e9r\u00eat mutuel \u00e0 coop\u00e9rer\u00bb.<\/p>\n<p>          Vivez l\u2019exp\u00e9rience autrementVous pouvez suivre l&#8217;ordre chronologique ou vous balader \u00e0 votre guise \u00e0 travers les \u00e9v\u00e9nements et les portraits des personnages historiques de ce bicentenaire.<a class=\"button is-small\" href=\"https:\/\/www.letemps.ch\/200ans\" rel=\"nofollow noopener\" target=\"_blank\">Explorez le Temps<\/a><\/p>\n<p>A l&#8217;occasion du bicentenaire du Journal de Gen\u00e8ve, ce contenu vous est propos\u00e9 en acc\u00e8s libre. Si\u00a0 vous souhaitez soutenir un journalisme de qualit\u00e9, abonnez-vous et profitez, jusqu&#8217;au 7 janvier, de notre offre sp\u00e9ciale sans engagement <a href=\"https:\/\/www.letemps.ch\/abonnements\/offre-speciale?utm_source=lt&amp;utm_medium=sommaire&amp;utm_campaign=booster2025\" rel=\"nofollow noopener\" target=\"_blank\">pour seulement 1 fr.\/ mois<\/a>.<\/p>\n","protected":false},"excerpt":{"rendered":"Le livre Un Journal t\u00e9moin de son temps soutient que \u00abl\u2019incapacit\u00e9\u00bb de la IVe\u00a0R\u00e9publique \u00e0 trouver une issue&hellip;\n","protected":false},"author":2,"featured_media":3592,"comment_status":"","ping_status":"","sticky":false,"template":"","format":"standard","meta":{"footnotes":""},"categories":[254],"tags":[255,3038,2731,3037],"class_list":{"0":"post-3591","1":"post","2":"type-post","3":"status-publish","4":"format-standard","5":"has-post-thumbnail","7":"category-algerie","8":"tag-algerie","9":"tag-free","10":"tag-histoire","11":"tag-suisse"},"share_on_mastodon":{"url":"","error":""},"_links":{"self":[{"href":"https:\/\/www.europesays.com\/africa\/wp-json\/wp\/v2\/posts\/3591","targetHints":{"allow":["GET"]}}],"collection":[{"href":"https:\/\/www.europesays.com\/africa\/wp-json\/wp\/v2\/posts"}],"about":[{"href":"https:\/\/www.europesays.com\/africa\/wp-json\/wp\/v2\/types\/post"}],"author":[{"embeddable":true,"href":"https:\/\/www.europesays.com\/africa\/wp-json\/wp\/v2\/users\/2"}],"replies":[{"embeddable":true,"href":"https:\/\/www.europesays.com\/africa\/wp-json\/wp\/v2\/comments?post=3591"}],"version-history":[{"count":0,"href":"https:\/\/www.europesays.com\/africa\/wp-json\/wp\/v2\/posts\/3591\/revisions"}],"wp:featuredmedia":[{"embeddable":true,"href":"https:\/\/www.europesays.com\/africa\/wp-json\/wp\/v2\/media\/3592"}],"wp:attachment":[{"href":"https:\/\/www.europesays.com\/africa\/wp-json\/wp\/v2\/media?parent=3591"}],"wp:term":[{"taxonomy":"category","embeddable":true,"href":"https:\/\/www.europesays.com\/africa\/wp-json\/wp\/v2\/categories?post=3591"},{"taxonomy":"post_tag","embeddable":true,"href":"https:\/\/www.europesays.com\/africa\/wp-json\/wp\/v2\/tags?post=3591"}],"curies":[{"name":"wp","href":"https:\/\/api.w.org\/{rel}","templated":true}]}}