{"id":3593,"date":"2026-01-04T20:56:07","date_gmt":"2026-01-04T20:56:07","guid":{"rendered":"https:\/\/www.europesays.com\/africa\/3593\/"},"modified":"2026-01-04T20:56:07","modified_gmt":"2026-01-04T20:56:07","slug":"une-supportrice-senegalaise-est-morte-avant-senegal-soudan-can-2025-8es-senegal-soudan-3-1","status":"publish","type":"post","link":"https:\/\/www.europesays.com\/africa\/3593\/","title":{"rendered":"Une supportrice s\u00e9n\u00e9galaise est morte avant S\u00e9n\u00e9gal-Soudan &#8211; Can 2025 &#8211; 8es &#8211; S\u00e9n\u00e9gal-Soudan (3-1)"},"content":{"rendered":"<p>La CAN est frapp\u00e9e par un drame. Une supportrice du S\u00e9n\u00e9gal a en effet perdu la vie dans un accident de la route ce samedi, en amont <a target=\"_blank\" href=\"https:\/\/www.sofoot.com\/breves\/coupe-dafrique-des-nations-pape-gueye-envoie-le-senegal-en-quarts-de-finale-avec-un-double-contre-le-soudan\" rel=\"noopener nofollow\">du huiti\u00e8me de finale des Lions de la Teranga face au Soudan<\/a>. Une trag\u00e9die survenue entre Rabat et K\u00e9nitra, alors que la jeune femme se rendait \u00e0 Tanger pour encourager les partenaires de Sadio Man\u00e9. \u00ab\u202fEn cette douloureuse circonstance, la F\u00e9d\u00e9ration s\u00e9n\u00e9galaise de football adresse ses sinc\u00e8res condol\u00e9ances \u00e0 la famille \u00e9plor\u00e9e, \u00e0 ses proches, ainsi qu\u2019\u00e0 l\u2019ensemble de la famille du football s\u00e9n\u00e9galais\u202f\u00bb, a \u00e9crit ladite F\u00e9d\u00e9ration dans un communiqu\u00e9.<\/p>\n<p lang=\"fr\" dir=\"ltr\">Communiqu\u00e9 de la FSF suite au rappel \u00e0 Dieu de Aida Faye Samb, supportrice des Lions du S\u00e9n\u00e9gal ! Que son \u00e2me repose en paix. \ud83d\udd4a\ufe0f\ud83d\ude4f <a target=\"_blank\" href=\"https:\/\/t.co\/bJLKvJBRfP\" rel=\"nofollow\">pic.twitter.com\/bJLKvJBRfP<\/a><\/p>\n<p>\u2014 FSF (@Fsfofficielle) <a target=\"_blank\" href=\"https:\/\/twitter.com\/Fsfofficielle\/status\/2007871496417673330?ref_src=twsrc%5Etfw\" rel=\"nofollow noopener\">January 4, 2026<\/a><\/p>\n<p>Qualifi\u00e9s pour les quarts de finale du tournoi, les S\u00e9n\u00e9galais d\u00e9fieront le Mali ce vendredi, toujours au stade Ibn-Batouta de Tanger.<\/p>\n<p>\t\t\t\t\t\t\t\t\t\t<a class=\"lien-connexe\" href=\"https:\/\/www.sofoot.com\/breves\/coupe-dafrique-des-nations-lors-de-la-victoire-du-senegal-contre-le-soudan-ibrahim-mbaye-signe-un-record\" rel=\"nofollow noopener\" target=\"_blank\">Record pour Ibrahim Mbaye<\/a>\t\t\t\t\t<script async src=\"https:\/\/platform.twitter.com\/widgets.js\" charset=\"utf-8\"><\/script><\/p>\n","protected":false},"excerpt":{"rendered":"La CAN est frapp\u00e9e par un drame. Une supportrice du S\u00e9n\u00e9gal a en effet perdu la vie dans&hellip;\n","protected":false},"author":2,"featured_media":3594,"comment_status":"","ping_status":"","sticky":false,"template":"","format":"standard","meta":{"footnotes":""},"categories":[48],"tags":[1213,1211,1219,1215,1214,311,1218,1216,1212,1080,159,1217],"class_list":{"0":"post-3593","1":"post","2":"type-post","3":"status-publish","4":"format-standard","5":"has-post-thumbnail","7":"category-senegal","8":"tag-actualite","9":"tag-actus-football","10":"tag-bundesliga","11":"tag-championnats-europeens","12":"tag-equipe-de-france","13":"tag-football","14":"tag-ligua","15":"tag-ligue-1","16":"tag-news-foot","17":"tag-premier-league","18":"tag-senegal","19":"tag-serie-a"},"share_on_mastodon":{"url":"","error":""},"_links":{"self":[{"href":"https:\/\/www.europesays.com\/africa\/wp-json\/wp\/v2\/posts\/3593","targetHints":{"allow":["GET"]}}],"collection":[{"href":"https:\/\/www.europesays.com\/africa\/wp-json\/wp\/v2\/posts"}],"about":[{"href":"https:\/\/www.europesays.com\/africa\/wp-json\/wp\/v2\/types\/post"}],"author":[{"embeddable":true,"href":"https:\/\/www.europesays.com\/africa\/wp-json\/wp\/v2\/users\/2"}],"replies":[{"embeddable":true,"href":"https:\/\/www.europesays.com\/africa\/wp-json\/wp\/v2\/comments?post=3593"}],"version-history":[{"count":0,"href":"https:\/\/www.europesays.com\/africa\/wp-json\/wp\/v2\/posts\/3593\/revisions"}],"wp:featuredmedia":[{"embeddable":true,"href":"https:\/\/www.europesays.com\/africa\/wp-json\/wp\/v2\/media\/3594"}],"wp:attachment":[{"href":"https:\/\/www.europesays.com\/africa\/wp-json\/wp\/v2\/media?parent=3593"}],"wp:term":[{"taxonomy":"category","embeddable":true,"href":"https:\/\/www.europesays.com\/africa\/wp-json\/wp\/v2\/categories?post=3593"},{"taxonomy":"post_tag","embeddable":true,"href":"https:\/\/www.europesays.com\/africa\/wp-json\/wp\/v2\/tags?post=3593"}],"curies":[{"name":"wp","href":"https:\/\/api.w.org\/{rel}","templated":true}]}}