{"id":3619,"date":"2026-01-04T21:10:07","date_gmt":"2026-01-04T21:10:07","guid":{"rendered":"https:\/\/www.europesays.com\/africa\/3619\/"},"modified":"2026-01-04T21:10:07","modified_gmt":"2026-01-04T21:10:07","slug":"ag-fncl-karim-wade-bat-le-rappel-des-troupes-le-pds-devoile-sa-feuille-de-route-pour-2029","status":"publish","type":"post","link":"https:\/\/www.europesays.com\/africa\/3619\/","title":{"rendered":"AG FNCL &#8211; Karim Wade bat le rappel des troupes : Le PDS d\u00e9voile sa feuille de route pour 2029"},"content":{"rendered":"<p>\n\t\t\t\t\t La F\u00e9d\u00e9ration Nationale des Cadres Lib\u00e9raux (FNCL) du Parti D\u00e9mocratique S\u00e9n\u00e9galais (PDS) a tenu ce vendredi une Assembl\u00e9e G\u00e9n\u00e9rale qui a rassembl\u00e9 des d\u00e9l\u00e9gu\u00e9s de toutes les f\u00e9d\u00e9rations du pays. <br \/>\u00a0 <br \/>Pr\u00e9sid\u00e9e par Ousmane Feynaff Goudiaby, pr\u00e9sident de la FNCL, cette rencontre s\u2019inscrit dans le cadre d\u2019une directive du Secr\u00e9taire G\u00e9n\u00e9ral National Adjoint charg\u00e9 de la strat\u00e9gie et des orientations, Karim Wade, qui a demand\u00e9 \u00e0 l\u2019ensemble des f\u00e9d\u00e9rations du parti de proc\u00e9der \u00e0 des assembl\u00e9es g\u00e9n\u00e9rales de remobilisation et de red\u00e9ploiement en ce d\u00e9but d\u2019ann\u00e9e 2026. <br \/>\u00a0 <br \/>Plac\u00e9e sous le th\u00e8me \u00ab\u00a0Avec Karim, cap sur 2029 : Restitution des axes programmatiques pour un S\u00e9n\u00e9gal prosp\u00e8re\u00a0\u00bb, l\u2019Assembl\u00e9e G\u00e9n\u00e9rale a marqu\u00e9 l\u2019aboutissement d\u2019un mois de conclave intensif des cadres lib\u00e9raux. Les participants ont d\u00e9voil\u00e9 un premier jet d\u2019un programme structur\u00e9 autour de 11 axes majeurs d\u2019impulsion, destin\u00e9s \u00e0 porter une nouvelle dynamique de prosp\u00e9rit\u00e9 nationale. Ce projet programmatique, fruit du travail de 40 commissions th\u00e9matiques, se veut un levier strat\u00e9gique pour renforcer la performance \u00e0 la base et repositionner le PDS au c\u0153ur de l\u2019\u00e9chiquier politique national \u00e0 l\u2019horizon des prochaines \u00e9ch\u00e9ances \u00e9lectorales. <br \/>\u00a0 <br \/>Selon la FNCL, ce plan d\u2019actions restitu\u00e9 lors de cette AG t\u00e9moigne de l\u2019ambition du parti de l\u2019ancien pr\u00e9sident Abdoulaye Wade de retrouver sa place centrale dans le paysage politique s\u00e9n\u00e9galais. Les 40 commissions th\u00e9matiques mises en place travaillent sur des propositions concr\u00e8tes visant \u00e0 r\u00e9pondre aux pr\u00e9occupations majeures des S\u00e9n\u00e9galais. <br \/>\u00a0 <br \/>Cette mobilisation exceptionnelle des cadres lib\u00e9raux illustre la volont\u00e9 du PDS de se pr\u00e9parer m\u00e9thodiquement aux \u00e9ch\u00e9ances de 2029, sous la houlette de Karim Wade, dont la candidature potentielle \u00e0 la pr\u00e9sidentielle se dessine de plus en plus clairement. La FNCL prend ainsi les devants dans ce processus de remobilisation et entend confirmer son r\u00f4le de fer de lance dans la strat\u00e9gie de reconqu\u00eate du pouvoir port\u00e9e par le parti lib\u00e9ral.\n\t\t\t\t <\/p>\n","protected":false},"excerpt":{"rendered":"La F\u00e9d\u00e9ration Nationale des Cadres Lib\u00e9raux (FNCL) du Parti D\u00e9mocratique S\u00e9n\u00e9galais (PDS) a tenu ce vendredi une Assembl\u00e9e&hellip;\n","protected":false},"author":2,"featured_media":3620,"comment_status":"","ping_status":"","sticky":false,"template":"","format":"standard","meta":{"footnotes":""},"categories":[48],"tags":[64,274,279,273,277,278,271,281,283,272,280,276,275,159,282],"class_list":{"0":"post-3619","1":"post","2":"type-post","3":"status-publish","4":"format-standard","5":"has-post-thumbnail","7":"category-senegal","8":"tag-afrique","9":"tag-aliou-cisse","10":"tag-amadou-ba","11":"tag-apr","12":"tag-bassirou-diomaye-faye","13":"tag-bathelemy-dias","14":"tag-dakar","15":"tag-el-malick-ndiaye","16":"tag-guy-marius-sagna","17":"tag-macky-sall","18":"tag-madiambal-diagne","19":"tag-ousmane-sonko","20":"tag-pastef","21":"tag-senegal","22":"tag-ziguinchor"},"share_on_mastodon":{"url":"","error":""},"_links":{"self":[{"href":"https:\/\/www.europesays.com\/africa\/wp-json\/wp\/v2\/posts\/3619","targetHints":{"allow":["GET"]}}],"collection":[{"href":"https:\/\/www.europesays.com\/africa\/wp-json\/wp\/v2\/posts"}],"about":[{"href":"https:\/\/www.europesays.com\/africa\/wp-json\/wp\/v2\/types\/post"}],"author":[{"embeddable":true,"href":"https:\/\/www.europesays.com\/africa\/wp-json\/wp\/v2\/users\/2"}],"replies":[{"embeddable":true,"href":"https:\/\/www.europesays.com\/africa\/wp-json\/wp\/v2\/comments?post=3619"}],"version-history":[{"count":0,"href":"https:\/\/www.europesays.com\/africa\/wp-json\/wp\/v2\/posts\/3619\/revisions"}],"wp:featuredmedia":[{"embeddable":true,"href":"https:\/\/www.europesays.com\/africa\/wp-json\/wp\/v2\/media\/3620"}],"wp:attachment":[{"href":"https:\/\/www.europesays.com\/africa\/wp-json\/wp\/v2\/media?parent=3619"}],"wp:term":[{"taxonomy":"category","embeddable":true,"href":"https:\/\/www.europesays.com\/africa\/wp-json\/wp\/v2\/categories?post=3619"},{"taxonomy":"post_tag","embeddable":true,"href":"https:\/\/www.europesays.com\/africa\/wp-json\/wp\/v2\/tags?post=3619"}],"curies":[{"name":"wp","href":"https:\/\/api.w.org\/{rel}","templated":true}]}}