{"id":3668,"date":"2026-01-04T21:36:11","date_gmt":"2026-01-04T21:36:11","guid":{"rendered":"https:\/\/www.europesays.com\/africa\/3668\/"},"modified":"2026-01-04T21:36:11","modified_gmt":"2026-01-04T21:36:11","slug":"afrique-du-sud-cameroun-les-tops-et-les-flops","status":"publish","type":"post","link":"https:\/\/www.europesays.com\/africa\/3668\/","title":{"rendered":"Afrique du Sud &#8211; Cameroun : les Tops et les Flops\u00a0"},"content":{"rendered":"<p>Ce dimanche, l&#8217;Afrique du Sud \u00e9tait face au Cameroun dans le cadre des huiti\u00e8mes de finale de la CAN 2025. Un match all\u00e9chant qui a tenu toutes ses promesses. D\u00e9couvrez les Tops et les Flops. <\/p>\n<p>Les Tops <\/p>\n<p>Carlos Baleba (Cameroun)<\/p>\n<p>Match tr\u00e8s solide du milieu camerounais. Carlos Baleba a \u00e9t\u00e9 omnipr\u00e9sent dans l\u2019entrejeu, imposant son impact physique et son volume de jeu. Avec 47 ballons touch\u00e9s, il a constamment orient\u00e9 le jeu et coup\u00e9 les lignes sud-africaines. Impressionnant dans les duels, il a remport\u00e9 tous ses face-\u00e0-face, aussi bien au sol que dans les airs. M\u00eame sans \u00eatre d\u00e9cisif, le joueur de Brighton a largement contribu\u00e9 \u00e0 l\u2019\u00e9quilibre et \u00e0 la ma\u00eetrise camerounaise.<\/p>\n<p>\u00a0<\/p>\n<p>Devis Epassy (Cameroun)<\/p>\n<p>Encore une prestation de haut niveau pour le gardien camerounais. Le portier du Dinamo Bucarest a \u00e9t\u00e9 d\u00e9cisif \u00e0 plusieurs reprises, avec trois arr\u00eats importants dont deux dans sa surface de r\u00e9paration. Toujours bien plac\u00e9, serein dans ses interventions, il a emp\u00each\u00e9 l\u2019Afrique du Sud de revenir plus t\u00f4t dans la rencontre. Un match r\u00e9f\u00e9rence qui confirme son importance dans le parcours camerounais.<\/p>\n<p>\u00a0<\/p>\n<p>Evidence Makgopa (Afrique du Sud)<\/p>\n<p>Entr\u00e9 en jeu \u00e0 la 63e minute, Evidence Makgopa a imm\u00e9diatement apport\u00e9 de la vivacit\u00e9 et de l\u2019impact offensif. Plus mobile que les titulaires, il a pes\u00e9 sur la d\u00e9fense camerounaise et a \u00e9t\u00e9 r\u00e9compens\u00e9 par un but, l\u2019unique de l\u2019Afrique du Sud. Son entr\u00e9e a redonn\u00e9 de l\u2019espoir aux siens et chang\u00e9 la physionomie de la fin de match.<\/p>\n<p>\u00a0<\/p>\n<p>\u00a0<\/p>\n<p>Les Flops <\/p>\n<p>Nouhou Tolo (Cameroun)<\/p>\n<p>Le capitaine camerounais a livr\u00e9 une prestation assez neutre. Align\u00e9 sur le c\u00f4t\u00e9 gauche de la d\u00e9fense \u00e0 tois, Nouhou Tolo n\u2019a pas \u00e9t\u00e9 tr\u00e8s sollicit\u00e9 et n\u2019a pas r\u00e9ellement apport\u00e9 offensivement. D\u00e9fensivement correct mais sans \u00e9clat, le joueur de Seattle Sounders a v\u00e9cu une rencontre plut\u00f4t tranquille, sans influence notable sur le jeu.<\/p>\n<p>\u00a0<\/p>\n<p>Lyle Foster (Afrique du Sud)<\/p>\n<p>Tr\u00e8s attendu apr\u00e8s ses pr\u00e9c\u00e9dentes prestations, Lyle Foster a cette fois d\u00e9\u00e7u. L\u2019avant-centre sud-africain n\u2019a jamais r\u00e9ussi \u00e0 v\u00e9ritablement inqui\u00e9ter la d\u00e9fense camerounaise. Malgr\u00e9 quatre tirs dont un seul cadr\u00e9, il a manqu\u00e9 de justesse et d\u2019impact dans la surface. Trop isol\u00e9, il n\u2019a pas su peser dans les moments cl\u00e9s.<\/p>\n<p>\u00a0<\/p>\n<p>Nkosinathi Sibisi (Afrique du Sud)<\/p>\n<p>Match compliqu\u00e9 pour le d\u00e9fenseur central sud-africain. Le joueur d\u2019Orlando Pirates a souffert dans les duels, qu\u2019il a presque tous perdus au sol. Souvent en retard, mal plac\u00e9, il a \u00e9t\u00e9 mis en difficult\u00e9 par les attaquants camerounais. Une prestation en dessous des attentes \u00e0 ce niveau de la comp\u00e9tition.<\/p>\n<p>\u00a0<\/p>\n<p>   Partagez cette info avec vos amis et vos proches en cliquant ici<br \/> Pour r\u00e9sumer<\/p>\n<p>C&#8217;est d\u00e9j\u00e0 les huiti\u00e8mes de finale de la Coupe d&#8217;Afrique des Nations 2025. Pour cette quatri\u00e8me affiche, l&#8217;Afrique du Sud a affront\u00e9 le Cameroun. Un match qui a \u00e9t\u00e9 riche en couleur et en intensit\u00e9. Voici les Tops et les Flops de la rencontre.\u00a0<\/p>\n<p>R\u00e9dacteur<\/p>\n<p><img decoding=\"async\" width=\"76\" height=\"76\" loading=\"lazy\" src=\"https:\/\/www.europesays.com\/africa\/wp-content\/uploads\/2026\/01\/avatar-onze.webp.webp\" alt=\"Faudel Amoussou\"\/><\/p>\n","protected":false},"excerpt":{"rendered":"Ce dimanche, l&#8217;Afrique du Sud \u00e9tait face au Cameroun dans le cadre des huiti\u00e8mes de finale de la&hellip;\n","protected":false},"author":2,"featured_media":3669,"comment_status":"","ping_status":"","sticky":false,"template":"","format":"standard","meta":{"footnotes":""},"categories":[62],"tags":[64,360],"class_list":{"0":"post-3668","1":"post","2":"type-post","3":"status-publish","4":"format-standard","5":"has-post-thumbnail","7":"category-afrique","8":"tag-afrique","9":"tag-can"},"share_on_mastodon":{"url":"","error":""},"_links":{"self":[{"href":"https:\/\/www.europesays.com\/africa\/wp-json\/wp\/v2\/posts\/3668","targetHints":{"allow":["GET"]}}],"collection":[{"href":"https:\/\/www.europesays.com\/africa\/wp-json\/wp\/v2\/posts"}],"about":[{"href":"https:\/\/www.europesays.com\/africa\/wp-json\/wp\/v2\/types\/post"}],"author":[{"embeddable":true,"href":"https:\/\/www.europesays.com\/africa\/wp-json\/wp\/v2\/users\/2"}],"replies":[{"embeddable":true,"href":"https:\/\/www.europesays.com\/africa\/wp-json\/wp\/v2\/comments?post=3668"}],"version-history":[{"count":0,"href":"https:\/\/www.europesays.com\/africa\/wp-json\/wp\/v2\/posts\/3668\/revisions"}],"wp:featuredmedia":[{"embeddable":true,"href":"https:\/\/www.europesays.com\/africa\/wp-json\/wp\/v2\/media\/3669"}],"wp:attachment":[{"href":"https:\/\/www.europesays.com\/africa\/wp-json\/wp\/v2\/media?parent=3668"}],"wp:term":[{"taxonomy":"category","embeddable":true,"href":"https:\/\/www.europesays.com\/africa\/wp-json\/wp\/v2\/categories?post=3668"},{"taxonomy":"post_tag","embeddable":true,"href":"https:\/\/www.europesays.com\/africa\/wp-json\/wp\/v2\/tags?post=3668"}],"curies":[{"name":"wp","href":"https:\/\/api.w.org\/{rel}","templated":true}]}}