{"id":367,"date":"2026-01-03T13:24:16","date_gmt":"2026-01-03T13:24:16","guid":{"rendered":"https:\/\/www.europesays.com\/africa\/367\/"},"modified":"2026-01-03T13:24:16","modified_gmt":"2026-01-03T13:24:16","slug":"feminicides-au-senegal-il-faut-vraiment-une-reponse-institutionnelle-le-grand-invite-afrique","status":"publish","type":"post","link":"https:\/\/www.europesays.com\/africa\/367\/","title":{"rendered":"F\u00e9minicides au S\u00e9n\u00e9gal: \u00abil faut vraiment une r\u00e9ponse institutionnelle\u00bb &#8211; Le grand invit\u00e9 Afrique"},"content":{"rendered":"<p class=\"t-content__chapo\">\n                                                Serait-ce le d\u00e9but d&#8217;un changement pour les femmes au S\u00e9n\u00e9gal ? Lors de ses v\u0153ux du Nouvel An, le pr\u00e9sident Bassirou Diomaye Faye a conclu son discours en d\u00e9non\u00e7ant les violences faites aux femmes dans le pays, mais surtout en utilisant de fa\u00e7on solennelle et pour la premi\u00e8re fois le terme \u00ab\u00a0f\u00e9minicide\u00a0\u00bb.\u00a0Quelques jours auparavant (le 26 d\u00e9cembre), une centaine de personnalit\u00e9s f\u00e9ministes et d\u2019organisations de d\u00e9fense des droits des femmes signaient une tribune, appelant \u00e0 une r\u00e9forme du Code de la famille et \u00e0 une reconnaissance du f\u00e9minicide au S\u00e9n\u00e9gal. Un pays o\u00f9 plus de la moiti\u00e9 (54% exactement) de la population f\u00e9minine affirme avoir subi plusieurs violences en 2023, selon une \u00e9tude de l&#8217;Agence s\u00e9n\u00e9galaise de la statistique et de la d\u00e9mographie. On en parle ce matin avec notre Grande invit\u00e9e Afrique (qui a cosign\u00e9 cette tribune) : l\u2019\u00e9crivaine et f\u00e9ministe Nd\u00e8ye Fatou Kane, chercheuse en sociologie du genre, elle r\u00e9pond aux questions de Sidy Yansan\u00e9.                    <\/p>\n<p><img decoding=\"async\" fetchpriority=\"low\" src=\"https:\/\/www.europesays.com\/africa\/wp-content\/uploads\/2026\/01\/t\u00e9l\u00e9chargement-119.jpg\"   width=\"1024\" height=\"576\" alt=\"Femmes contre le f\u00e9minicide. Au S\u00e9n\u00e9gal, plus de la moiti\u00e9 de la population f\u00e9minine affirme avoir subi des violences en 2023.\" loading=\"eager\" class=\"a-img \"\/><\/p>\n<p>                Femmes contre le f\u00e9minicide. Au S\u00e9n\u00e9gal, plus de la moiti\u00e9 de la population f\u00e9minine affirme avoir subi des violences en 2023.                \u00a9 RFI            <\/p>\n","protected":false},"excerpt":{"rendered":"Serait-ce le d\u00e9but d&#8217;un changement pour les femmes au S\u00e9n\u00e9gal ? Lors de ses v\u0153ux du Nouvel An,&hellip;\n","protected":false},"author":2,"featured_media":368,"comment_status":"","ping_status":"","sticky":false,"template":"","format":"standard","meta":{"footnotes":""},"categories":[62],"tags":[64,504,503,502,159],"class_list":{"0":"post-367","1":"post","2":"type-post","3":"status-publish","4":"format-standard","5":"has-post-thumbnail","7":"category-afrique","8":"tag-afrique","9":"tag-droits-des-femmes","10":"tag-femmes","11":"tag-le-grand-invite-afrique","12":"tag-senegal"},"share_on_mastodon":{"url":"","error":""},"_links":{"self":[{"href":"https:\/\/www.europesays.com\/africa\/wp-json\/wp\/v2\/posts\/367","targetHints":{"allow":["GET"]}}],"collection":[{"href":"https:\/\/www.europesays.com\/africa\/wp-json\/wp\/v2\/posts"}],"about":[{"href":"https:\/\/www.europesays.com\/africa\/wp-json\/wp\/v2\/types\/post"}],"author":[{"embeddable":true,"href":"https:\/\/www.europesays.com\/africa\/wp-json\/wp\/v2\/users\/2"}],"replies":[{"embeddable":true,"href":"https:\/\/www.europesays.com\/africa\/wp-json\/wp\/v2\/comments?post=367"}],"version-history":[{"count":0,"href":"https:\/\/www.europesays.com\/africa\/wp-json\/wp\/v2\/posts\/367\/revisions"}],"wp:featuredmedia":[{"embeddable":true,"href":"https:\/\/www.europesays.com\/africa\/wp-json\/wp\/v2\/media\/368"}],"wp:attachment":[{"href":"https:\/\/www.europesays.com\/africa\/wp-json\/wp\/v2\/media?parent=367"}],"wp:term":[{"taxonomy":"category","embeddable":true,"href":"https:\/\/www.europesays.com\/africa\/wp-json\/wp\/v2\/categories?post=367"},{"taxonomy":"post_tag","embeddable":true,"href":"https:\/\/www.europesays.com\/africa\/wp-json\/wp\/v2\/tags?post=367"}],"curies":[{"name":"wp","href":"https:\/\/api.w.org\/{rel}","templated":true}]}}