{"id":3672,"date":"2026-01-04T21:38:08","date_gmt":"2026-01-04T21:38:08","guid":{"rendered":"https:\/\/www.europesays.com\/africa\/3672\/"},"modified":"2026-01-04T21:38:08","modified_gmt":"2026-01-04T21:38:08","slug":"le-president-tebboune-met-fin-aux-fonctions-du-gouverneur-de-la-banque-dalgerie","status":"publish","type":"post","link":"https:\/\/www.europesays.com\/africa\/3672\/","title":{"rendered":"Le pr\u00e9sident Tebboune met fin aux fonctions du gouverneur de la Banque d&#8217;Alg\u00e9rie"},"content":{"rendered":"<p>Le pr\u00e9sident de la R\u00e9publique, Abdelmadjid Tebboune, a mis fin aux fonctions du gouverneur de la Banque d\u2019Alg\u00e9rie, Salah Eddine Taleb, et nomme le vice-gouverneur, Mouatassem Boudiaf, gouverneur par int\u00e9rim, annonce ce dimanche 4 janvier un <a href=\"https:\/\/web.facebook.com\/AlgerianPresidency\/posts\/pfbid0xCrtNtQntHhyuNrTf29buH6JeV1JnrRaoZU8LvoZKsR53sMzJa9QJzMxa32aeC3bl\" rel=\"nofollow noopener\" target=\"_blank\">communiqu\u00e9<\/a> de la Pr\u00e9sidence de la R\u00e9publique.<\/p>\n<p>\u00ab\u00a0Le pr\u00e9sident de la R\u00e9publique, M. Abdelmadjid Tebboune, a mis fin aujourd\u2019hui aux fonctions du gouverneur de la Banque d\u2019Alg\u00e9rie, M. Salah Eddine Taleb, et a charg\u00e9 le vice-gouverneur de la Banque, M. Mouatassem Boudiaf, d\u2019assurer les fonctions de gouverneur par int\u00e9rim\u00a0\u00bb, lit-on dans le communiqu\u00e9.<\/p>\n<p>Salah Eddine Taleb a \u00e9t\u00e9 nomm\u00e9 \u00e0 la t\u00eate de la Banque d\u2019Alg\u00e9rie le 23 mai 2022 en remplacement de Rostom Fadli. <\/p>\n","protected":false},"excerpt":{"rendered":"Le pr\u00e9sident de la R\u00e9publique, Abdelmadjid Tebboune, a mis fin aux fonctions du gouverneur de la Banque d\u2019Alg\u00e9rie,&hellip;\n","protected":false},"author":2,"featured_media":3673,"comment_status":"","ping_status":"","sticky":false,"template":"","format":"standard","meta":{"footnotes":""},"categories":[254],"tags":[255,3067,3068,3069,3070],"class_list":{"0":"post-3672","1":"post","2":"type-post","3":"status-publish","4":"format-standard","5":"has-post-thumbnail","7":"category-algerie","8":"tag-algerie","9":"tag-banque-dalgerie","10":"tag-gouverneur-par-interim-mouatassem-boudiaf","11":"tag-gouverneur-salah-eddine-taleb","12":"tag-president-tebboune"},"share_on_mastodon":{"url":"","error":""},"_links":{"self":[{"href":"https:\/\/www.europesays.com\/africa\/wp-json\/wp\/v2\/posts\/3672","targetHints":{"allow":["GET"]}}],"collection":[{"href":"https:\/\/www.europesays.com\/africa\/wp-json\/wp\/v2\/posts"}],"about":[{"href":"https:\/\/www.europesays.com\/africa\/wp-json\/wp\/v2\/types\/post"}],"author":[{"embeddable":true,"href":"https:\/\/www.europesays.com\/africa\/wp-json\/wp\/v2\/users\/2"}],"replies":[{"embeddable":true,"href":"https:\/\/www.europesays.com\/africa\/wp-json\/wp\/v2\/comments?post=3672"}],"version-history":[{"count":0,"href":"https:\/\/www.europesays.com\/africa\/wp-json\/wp\/v2\/posts\/3672\/revisions"}],"wp:featuredmedia":[{"embeddable":true,"href":"https:\/\/www.europesays.com\/africa\/wp-json\/wp\/v2\/media\/3673"}],"wp:attachment":[{"href":"https:\/\/www.europesays.com\/africa\/wp-json\/wp\/v2\/media?parent=3672"}],"wp:term":[{"taxonomy":"category","embeddable":true,"href":"https:\/\/www.europesays.com\/africa\/wp-json\/wp\/v2\/categories?post=3672"},{"taxonomy":"post_tag","embeddable":true,"href":"https:\/\/www.europesays.com\/africa\/wp-json\/wp\/v2\/tags?post=3672"}],"curies":[{"name":"wp","href":"https:\/\/api.w.org\/{rel}","templated":true}]}}