{"id":36905,"date":"2026-01-21T12:57:23","date_gmt":"2026-01-21T12:57:23","guid":{"rendered":"https:\/\/www.europesays.com\/africa\/36905\/"},"modified":"2026-01-21T12:57:23","modified_gmt":"2026-01-21T12:57:23","slug":"algerie-du-sahara-a-la-can-chronique-dun-pays-qui-ne-perd-jamais-sauf-face-au-reel","status":"publish","type":"post","link":"https:\/\/www.europesays.com\/africa\/36905\/","title":{"rendered":"Alg\u00e9rie: du Sahara \u00e0 la CAN, chronique d\u2019un pays qui ne perd jamais\u2026 sauf face au r\u00e9el"},"content":{"rendered":"<p class=\"default__StyledText-sc-10mj2vp-0 CxBBS body-paragraph\">Il existe des d\u00e9faites qui font grandir les nations et d\u2019autres qui les r\u00e9v\u00e8lent. L\u2019Alg\u00e9rie a choisi une troisi\u00e8me voie: nier la d\u00e9faite, la rebaptiser, la maquiller, puis accuser le monde entier d\u2019en \u00eatre responsable. Du football \u00e0 la diplomatie, des stades de la CAN 2025 aux couloirs feutr\u00e9s du Conseil de s\u00e9curit\u00e9, une m\u00eame m\u00e9canique est \u00e0 l\u2019\u0153uvre. L\u2019incapacit\u00e9 chronique \u00e0 faire face au r\u00e9el. Le d\u00e9ni n\u2019est plus un accident, il est devenu une culture, un ciment id\u00e9ologique partag\u00e9 entre le r\u00e9gime et une large partie de l\u2019opinion publique.<\/p>\n<p class=\"default__StyledText-sc-10mj2vp-0 CxBBS body-paragraph\">La r\u00e9cente \u00e9limination de l\u2019\u00e9quipe nationale alg\u00e9rienne face au Nigeria \u00e0 la Coupe d\u2019Afrique des Nations comme la r\u00e9action hyst\u00e9ris\u00e9e \u00e0 l\u2019adoption d\u2019une nouvelle r\u00e9solution onusienne sur le Sahara offrent une radiographie parfaite de ce mal alg\u00e9rien. Deux \u00e9v\u00e9nements sans rapport apparent, mais un m\u00eame r\u00e9flexe pavlovien. Ce n\u2019est jamais une d\u00e9faite, c\u2019est toujours un complot.<\/p>\n<p class=\"default__StyledText-sc-10mj2vp-0 CxBBS body-paragraph\">Quand z\u00e9ro tir cadr\u00e9 devient une victoire morale<\/p>\n<p class=\"default__StyledText-sc-10mj2vp-0 CxBBS body-paragraph\">Revenons aux faits, ces intrus ind\u00e9sirables dans le r\u00e9cit officiel. Lors de son match d\u00e9cisif en quart de finale de la CAN face au Nigeria, perdu 2-0 samedi 10 janvier dernier, l\u2019Alg\u00e9rie n\u2019a produit\u2026 strictement rien. Z\u00e9ro tir cadr\u00e9 pendant toute la rencontre. Un seul tir non cadr\u00e9, laborieux, presque accidentel, \u00e0 la toute fin du match, autour de la 90\u00e8me minute. Pas de domination, pas d\u2019occasions, pas d\u2019\u00e9lan collectif. Une \u00e9quipe apathique, d\u00e9sorganis\u00e9e, d\u00e9pass\u00e9e.<\/p>\n<p class=\"default__StyledText-sc-10mj2vp-0 CxBBS body-paragraph\">Et pourtant, au lendemain de l\u2019\u00e9limination, le diagnostic sportif n\u2019a pas int\u00e9ress\u00e9 grand monde. Tr\u00e8s vite, la d\u00e9faite s\u2019est m\u00e9tamorphos\u00e9e en intrigue g\u00e9opolitique. Selon la narration dominante relay\u00e9e sur les r\u00e9seaux sociaux, les m\u00e9dias et jusque dans les cercles se pr\u00e9tendant inform\u00e9s, l\u2019Alg\u00e9rie aurait \u00e9t\u00e9 victime d\u2019un complot international savamment orchestr\u00e9: Isra\u00ebl, Fouzi Lekjaa, la FIFA, la CAF, l\u2019arbitrage, tous ligu\u00e9s pour abattre la s\u00e9lection alg\u00e9rienne. Le stade de Marrakech qui a abrit\u00e9 la rencontre \u00e9tait devenu une annexe du Mossad.<\/p>\n<p class=\"default__StyledText-sc-10mj2vp-0 CxBBS body-paragraph\">Journaliste franco-alg\u00e9rien et farouche opposant du r\u00e9gime Tebboune-Chengriha, <a href=\"https:\/\/www.youtube.com\/watch?v=ZtGT9va0Lb0\" target=\"_self\" rel=\"nofollow noopener\" title=\"https:\/\/www.youtube.com\/watch?v=ZtGT9va0Lb0\">Mohamed Sifaoui<\/a> le r\u00e9sume avec un sarcasme gla\u00e7ant: en Alg\u00e9rie, quand l\u2019\u00e9quipe nationale perd, ce n\u2019est jamais parce qu\u2019elle a mal jou\u00e9, mais parce que le r\u00e9sultat aurait \u00e9t\u00e9 d\u00e9cid\u00e9 en amont. Le terrain ne compte plus, le ballon non plus. Seule compte la th\u00e9orie du complot. <\/p>\n<p class=\"interstitial-link block-margin-bottom\">Lire aussi : <a href=\"https:\/\/sport.le360.ma\/football\/can\/violences-et-derapages-apres-nigeriaalgerie-joueurs-supporters-et-journalistes-algeriens-hors-de_Z2DSOOMICJDRZEVCJE6GIO26AQ\/\" aria-label=\"Ouvrir un article associ\u00e9\" class=\"default__StyledLink-sc-10mj2vp-1 kkYPzd\" rel=\"nofollow noopener\" target=\"_blank\">Violences et d\u00e9rapages apr\u00e8s Nigeria\u2013Alg\u00e9rie: joueurs, supporters et journalistes alg\u00e9riens hors de contr\u00f4le apr\u00e8s l\u2019\u00e9limination<\/a><\/p>\n<p class=\"default__StyledText-sc-10mj2vp-0 CxBBS body-paragraph\">Le sommet de l\u2019absurde a \u00e9t\u00e9 atteint lorsqu\u2019un compte pr\u00e9tendument sp\u00e9cialis\u00e9 dans l\u2019information sportive a expliqu\u00e9, sans rire, que l\u2019Alg\u00e9rie ne s\u2019\u00e9tait pas inclin\u00e9e face au Nigeria. Non. Elle se serait \u00abretir\u00e9e\u00bb, calmement, souverainement, apr\u00e8s avoir d\u00e9jou\u00e9 un plan maroco-sioniste sournois. Une retraite strat\u00e9gique, presque napol\u00e9onienne, mais sans tirs cadr\u00e9s. Sifaoui en ironise avec une cruaut\u00e9 n\u00e9cessaire: si ce n\u2019est pas pathologique, qu\u2019est-ce que c\u2019est? La d\u00e9faite est r\u00e9enchant\u00e9e. Le r\u00e9el devient optionnel. Le mensonge, th\u00e9rapeutique. Ce type de r\u00e9action n\u2019est pas marginal. Il est r\u00e9v\u00e9lateur d\u2019un \u00e9tat d\u2019esprit collectif o\u00f9 reconna\u00eetre un \u00e9chec est v\u00e9cu comme une trahison nationale. L\u2019important n\u2019est plus de gagner, mais de ne jamais perdre\u2026 du moins dans le narratif du r\u00e9gime.<\/p>\n<p class=\"default__StyledText-sc-10mj2vp-0 CxBBS body-paragraph\">L\u2019\u00e9limination alg\u00e9rienne n\u2019a pas emp\u00each\u00e9 une explosion de joie nationale quelques jours plus tard, lorsque le Maroc a perdu la finale de la m\u00eame CAN. Des sc\u00e8nes de liesse ont \u00e9t\u00e9 observ\u00e9es dans plusieurs villes alg\u00e9riennes. Klaxons, drapeaux, cris de joie. Une c\u00e9l\u00e9bration massive, populaire, spontan\u00e9e. L\u2019Alg\u00e9rie ne f\u00eate plus ses victoires, puisqu\u2019elles n\u2019existent pas, mais les d\u00e9faites\u2013 tr\u00e8s rares\u2013 du Maroc. Le \u00abgrand m\u00e9chant loup\u00bb devient l\u2019obsession structurante. La joie ne na\u00eet plus de la r\u00e9ussite de soi, mais de l\u2019\u00e9chec de l\u2019autre. Une logique n\u00e9gative, pathologique, o\u00f9 la marocophobie tient lieu de projet national. Ce r\u00e9flexe \u00e9motionnel dit tout: l\u2019identit\u00e9 politique et symbolique alg\u00e9rienne se construit contre le Maroc et non pour l\u2019Alg\u00e9rie. Ce n\u2019est pas nouveau, mais cela ne s\u2019\u00e9tait jamais autant exacerb\u00e9 que depuis que Tebboune a \u00e9t\u00e9 d\u00e9sign\u00e9 pr\u00e9sident. Cette exacerbation de la marocophobie est index\u00e9e sur les \u00e9checs sans fin d\u2019un r\u00e9gime qui patauge pour une survie pr\u00e9caire.<\/p>\n<p class=\"default__StyledText-sc-10mj2vp-0 CxBBS body-paragraph\">Sahara: m\u00eame d\u00e9ni, m\u00eame infantilisme<\/p>\n<p class=\"default__StyledText-sc-10mj2vp-0 CxBBS body-paragraph\">La m\u00eame m\u00e9canique s\u2019est produite quelques mois auparavant \u00e0 New York, lors de l\u2019adoption de la r\u00e9solution 2797 du Conseil de s\u00e9curit\u00e9 de l\u2019ONU, fin octobre 2025, qui consacre le plan d\u2019autonomie sous souverainet\u00e9 marocaine comme la r\u00e9f\u00e9rence \u00e0 une solution politique. Il y a d\u2019abord eu la col\u00e8re visible et incontr\u00f4l\u00e9e de l\u2019ambassadeur alg\u00e9rien \u00e0 l\u2019ONU, Amar Bendjama, avant, pendant et juste apr\u00e8s le vote. Ensuite, la fureur hyst\u00e9rique du Polisario. Enfin, la phase la plus r\u00e9v\u00e9latrice: le d\u00e9ni du r\u00e9el.<\/p>\n<p class=\"default__StyledText-sc-10mj2vp-0 CxBBS body-paragraph\">Ahmed Attaf, ministre alg\u00e9rien des Affaires \u00e9trang\u00e8res, s\u2019est empress\u00e9 d\u2019expliquer que cette r\u00e9solution ne constituait ni une victoire pour le Maroc, ni une d\u00e9faite pour l\u2019Alg\u00e9rie. Une phrase devenue ritournelle, r\u00e9p\u00e9t\u00e9e comme un mantra pour conjurer la r\u00e9alit\u00e9. <\/p>\n<p class=\"default__StyledText-sc-10mj2vp-0 CxBBS body-paragraph\">Un exemple suffit \u00e0 le dire: lors d\u2019un entretien accord\u00e9 \u00e0 la cha\u00eene alg\u00e9rienne AL24 News le 2 novembre 2025 \u00e0 Alger, Attaf a insist\u00e9 sur le fait que \u00ables fondamentaux de la question du Sahara occidental sont pr\u00e9serv\u00e9s dans la r\u00e9solution\u00bb, en soulignant que le droit du peuple sahraoui \u00e0 l\u2019autod\u00e9termination reste pleinement reconnu et que le plan d\u2019autonomie marocain n\u2019est plus pr\u00e9sent\u00e9 comme l\u2019unique solution dans le texte final. Sauf que c\u2019est archifaux. Il y a mieux, le \u00abdiplomate\u00bb a affirm\u00e9 que l\u2019Alg\u00e9rie avait m\u00eame \u00e9t\u00e9 \u00ab\u00e0 deux doigts de voter pour la r\u00e9solution\u00bb mais s\u2019\u00e9tait finalement abstenue plut\u00f4t que de la soutenir pleinement, r\u00e9futant l\u2019id\u00e9e d\u2019une victoire marocaine claire.<\/p>\n<p class=\"interstitial-link block-margin-bottom\">Lire aussi : <a href=\"https:\/\/fr.le360.ma\/monde\/sahara-abdelmadjid-tebboune-senfonce-dans-le-deni_U4E5Q5MAJVH6ZGAREDBIE5B2DE\/\" aria-label=\"Ouvrir un article associ\u00e9\" class=\"default__StyledLink-sc-10mj2vp-1 kkYPzd\" rel=\"nofollow noopener\" target=\"_blank\">Sahara: Abdelmadjid Tebboune s\u2019enfonce dans le d\u00e9ni<\/a><\/p>\n<p class=\"default__StyledText-sc-10mj2vp-0 CxBBS body-paragraph\">Pourtant, les faits sont t\u00eatus: la dynamique diplomatique est clairement favorable \u00e0 Rabat, et Alger, malgr\u00e9 son activisme, \u00e9choue \u00e0 inverser la tendance. Comme lors de la CAN, la d\u00e9faite est ni\u00e9e. Elle est neutralis\u00e9e par un discours creux, circulaire, infantilisant. On ne perd jamais. On ne gagne pas non plus. On flotte dans un entre-deux imaginaire o\u00f9 l\u2019honneur national est pr\u00e9serv\u00e9 au prix du ridicule.<\/p>\n<p class=\"default__StyledText-sc-10mj2vp-0 CxBBS body-paragraph\">Sifaoui d\u00e9monte m\u00e9thodiquement cette logique. En Alg\u00e9rie, explique-t-il, le complotisme n\u2019est pas une d\u00e9rive marginale. C\u2019est une grammaire politique. Tout \u00e9chec trouve sa cause ailleurs. Isra\u00ebl, le Maroc, la France, les \u00c9tats-Unis, les \u00c9mirats arabes unis. La liste varie selon les circonstances, mais le m\u00e9canisme reste identique. M\u00eame la pluie n\u2019y \u00e9chappe pas. \u00c0 ce rythme, ironise-t-il, elle devra bient\u00f4t passer par le cabinet du roi Mohammed VI avant de tomber sur l\u2019Alg\u00e9rie. Une formule qui dit une v\u00e9rit\u00e9 inqui\u00e9tante: plus rien n\u2019est explicable sans ennemi. Cette obsession finit par rendre le pays malade. Elle d\u00e9responsabilise les gouvernants, infantilise les citoyens et emp\u00eache toute remise en question collective. Pourquoi r\u00e9former, pourquoi travailler, pourquoi s\u2019am\u00e9liorer, si tout est d\u00e9j\u00e0 jou\u00e9 par des forces occultes ou si, finalement, l\u2019\u00e9chec est une fatalit\u00e9?<\/p>\n<p class=\"default__StyledText-sc-10mj2vp-0 CxBBS body-paragraph\">Cette logique porte en elle un danger majeur pour le r\u00e9gime alg\u00e9rien lui-m\u00eame. \u00c0 force d\u2019expliquer que tout est complot, ou alors \u00abretraite\u00bb, une question finit par surgir: et si le mal venait de l\u2019int\u00e9rieur? Et si le v\u00e9ritable ennemi n\u2019\u00e9tait pas \u00e0 Tel-Aviv, Rabat ou Paris, mais bien \u00e0 Alger? Le conspirationnisme est un feu qui ne distingue pas ses cibles. Aujourd\u2019hui instrument de contr\u00f4le, il peut demain devenir une arme contre ceux qui l\u2019ont cultiv\u00e9. Un peuple \u00e0 qui l\u2019on a appris \u00e0 soup\u00e7onner tout et tout le monde gagnerait \u00e0 soup\u00e7onner aussi ses propres dirigeants.<\/p>\n<p class=\"default__StyledText-sc-10mj2vp-0 CxBBS body-paragraph\">De la CAN au Conseil de s\u00e9curit\u00e9, de la pelouse aux tribunes diplomatiques, l\u2019Alg\u00e9rie contemporaine donne le spectacle triste d\u2019un pays qui pr\u00e9f\u00e8re la fiction \u00e0 la lucidit\u00e9. Le d\u00e9ni est devenu un refuge collectif, un antidouleur politique, une identit\u00e9 de substitution. Mais on ne construit pas une nation sur le ressentiment, ni une strat\u00e9gie sur le mensonge. Tant que l\u2019Alg\u00e9rie continuera \u00e0 c\u00e9l\u00e9brer les d\u00e9faites des autres plut\u00f4t que d\u2019interroger les siennes, tant qu\u2019elle transformera chaque revers en complot et chaque \u00e9chec en victoire morale, elle restera enferm\u00e9e dans un cercle st\u00e9rile. Le d\u00e9ni a longtemps servi le r\u00e9gime. Il pourrait bien, demain, signer sa faillite.<\/p>\n","protected":false},"excerpt":{"rendered":"Il existe des d\u00e9faites qui font grandir les nations et d\u2019autres qui les r\u00e9v\u00e8lent. L\u2019Alg\u00e9rie a choisi une&hellip;\n","protected":false},"author":2,"featured_media":36906,"comment_status":"","ping_status":"","sticky":false,"template":"","format":"standard","meta":{"footnotes":""},"categories":[254],"tags":[1834,255,179,21871,21873,21872,7888,21870],"class_list":{"0":"post-36905","1":"post","2":"type-post","3":"status-publish","4":"format-standard","5":"has-post-thumbnail","7":"category-algerie","8":"tag-abdelmadjid-tebboune","9":"tag-algerie","10":"tag-can-2025","11":"tag-conseil-de-securite-de-lonu","12":"tag-plan","13":"tag-plan-dautonomie","14":"tag-sahara","15":"tag-said-chengriha"},"share_on_mastodon":{"url":"","error":""},"_links":{"self":[{"href":"https:\/\/www.europesays.com\/africa\/wp-json\/wp\/v2\/posts\/36905","targetHints":{"allow":["GET"]}}],"collection":[{"href":"https:\/\/www.europesays.com\/africa\/wp-json\/wp\/v2\/posts"}],"about":[{"href":"https:\/\/www.europesays.com\/africa\/wp-json\/wp\/v2\/types\/post"}],"author":[{"embeddable":true,"href":"https:\/\/www.europesays.com\/africa\/wp-json\/wp\/v2\/users\/2"}],"replies":[{"embeddable":true,"href":"https:\/\/www.europesays.com\/africa\/wp-json\/wp\/v2\/comments?post=36905"}],"version-history":[{"count":0,"href":"https:\/\/www.europesays.com\/africa\/wp-json\/wp\/v2\/posts\/36905\/revisions"}],"wp:featuredmedia":[{"embeddable":true,"href":"https:\/\/www.europesays.com\/africa\/wp-json\/wp\/v2\/media\/36906"}],"wp:attachment":[{"href":"https:\/\/www.europesays.com\/africa\/wp-json\/wp\/v2\/media?parent=36905"}],"wp:term":[{"taxonomy":"category","embeddable":true,"href":"https:\/\/www.europesays.com\/africa\/wp-json\/wp\/v2\/categories?post=36905"},{"taxonomy":"post_tag","embeddable":true,"href":"https:\/\/www.europesays.com\/africa\/wp-json\/wp\/v2\/tags?post=36905"}],"curies":[{"name":"wp","href":"https:\/\/api.w.org\/{rel}","templated":true}]}}