{"id":3692,"date":"2026-01-04T21:53:10","date_gmt":"2026-01-04T21:53:10","guid":{"rendered":"https:\/\/www.europesays.com\/africa\/3692\/"},"modified":"2026-01-04T21:53:10","modified_gmt":"2026-01-04T21:53:10","slug":"cameroun-afrique-du-sud-2-1-les-lions-indomptables-frappent-au-bon-moment","status":"publish","type":"post","link":"https:\/\/www.europesays.com\/africa\/3692\/","title":{"rendered":"Cameroun &#8211; Afrique du Sud (2-1) : les Lions Indomptables frappent au bon moment"},"content":{"rendered":"<p>Au stade Al Medina de Rabat, le Cameroun s\u2019est qualifi\u00e9 pour les quarts de finale de la Coupe d\u2019Afrique des nations 2025 en dominant l\u2019Afrique du Sud (2-1), dimanche, au terme d\u2019un huiti\u00e8me de finale marqu\u00e9 par une opposition de styles nette. Longtemps domin\u00e9s dans le jeu, les Lions Indomptables ont fait parler leur r\u00e9alisme et leur discipline d\u00e9fensive.<\/p>\n<p>Une domination sud-africaine sans r\u00e9compense<\/p>\n<p>La premi\u00e8re p\u00e9riode a \u00e9t\u00e9 largement \u00e0 l\u2019avantage des Bafana Bafana, plus entreprenants et ma\u00eetres du ballon. D\u00e8s la 14e minute, Lyle Foster a cru ouvrir le score, avant que la VAR n\u2019annule son but pour hors-jeu. Le Cameroun, souvent accul\u00e9, a subi les vagues adverses, se contentant de d\u00e9fendre bas et de guetter la moindre opportunit\u00e9 en transition.<\/p>\n<p>Malgr\u00e9 cette emprise sud-africaine, le Cameroun a frapp\u00e9 en premier. \u00c0 la 34e minute, Junior Tchamadeu a profit\u00e9 d\u2019une action confuse sur corner pour ajuster Ronwen Williams et donner l\u2019avantage aux siens. Un but valid\u00e9 apr\u00e8s v\u00e9rification vid\u00e9o, qui a r\u00e9compens\u00e9 la patience camerounaise et sanctionn\u00e9 le manque de r\u00e9alisme adverse.<\/p>\n<p>Au retour des vestiaires, le sc\u00e9nario s\u2019est r\u00e9p\u00e9t\u00e9. D\u00e8s la 47e minute, Christian Kofane a doubl\u00e9 la mise d\u2019une t\u00eate pr\u00e9cise sur un centre de Mahamadou Nagida, entr\u00e9 en jeu sur blessure en premi\u00e8re p\u00e9riode. En deux tirs cadr\u00e9s, le Cameroun menait 2-0, affichant une efficacit\u00e9 maximale.<\/p>\n<p><img class=\"fco-image__image\" alt=\"FBL-AFR-2025-MATCH 40-ZAF-CMR\"   loading=\"lazy\" decoding=\"async\" fetchpriority=\"auto\" width=\"3132\" height=\"2088\" src=\"https:\/\/www.europesays.com\/africa\/wp-content\/uploads\/2026\/01\/GettyImages-2254086227.jpg\" style=\"aspect-ratio:3132 \/ 2088;width:100%;height:100%\"\/>Getty Images<\/p>\n<p>Un Cameroun pragmatique, un adversaire frustr\u00e9<\/p>\n<p>Piqu\u00e9e au vif, l\u2019Afrique du Sud a accentu\u00e9 sa pression. Le gardien camerounais D\u00e9vis Epassy s\u2019est alors illustr\u00e9 par plusieurs arr\u00eats d\u00e9cisifs, notamment face \u00e0 Kabini (62e) et Mokoena (69e). Cette solidit\u00e9 a longtemps contenu les assauts sud-africains, avant qu\u2019Evidence Makgopa ne r\u00e9duise l\u2019\u00e9cart \u00e0 la 88e minute sur un centre d\u2019Aubrey Modiba.<\/p>\n<p>Malgr\u00e9 une ultime frayeur dans le temps additionnel, le Cameroun a tenu bon, confirmant sa capacit\u00e9 \u00e0 souffrir collectivement pour pr\u00e9server un r\u00e9sultat pr\u00e9cieux.<\/p>\n<p>Cette victoire valide la mont\u00e9e en puissance d\u2019un Cameroun rajeuni mais disciplin\u00e9, qui affrontera le Maroc en quarts de finale. L\u2019Afrique du Sud quitte la comp\u00e9tition avec des regrets, symbole d\u2019une domination st\u00e9rile jamais concr\u00e9tis\u00e9e.<\/p>\n","protected":false},"excerpt":{"rendered":"Au stade Al Medina de Rabat, le Cameroun s\u2019est qualifi\u00e9 pour les quarts de finale de la Coupe&hellip;\n","protected":false},"author":2,"featured_media":3693,"comment_status":"","ping_status":"","sticky":false,"template":"","format":"standard","meta":{"footnotes":""},"categories":[62],"tags":[146,64,356,610,143,381,131,611],"class_list":{"0":"post-3692","1":"post","2":"type-post","3":"status-publish","4":"format-standard","5":"has-post-thumbnail","7":"category-afrique","8":"tag-africa-cup-of-nations","9":"tag-afrique","10":"tag-afrique-du-sud","11":"tag-afrique-du-sud-vs-cameroun","12":"tag-cameroon","13":"tag-cameroun","14":"tag-south-africa","15":"tag-south-africa-vs-cameroon"},"share_on_mastodon":{"url":"","error":""},"_links":{"self":[{"href":"https:\/\/www.europesays.com\/africa\/wp-json\/wp\/v2\/posts\/3692","targetHints":{"allow":["GET"]}}],"collection":[{"href":"https:\/\/www.europesays.com\/africa\/wp-json\/wp\/v2\/posts"}],"about":[{"href":"https:\/\/www.europesays.com\/africa\/wp-json\/wp\/v2\/types\/post"}],"author":[{"embeddable":true,"href":"https:\/\/www.europesays.com\/africa\/wp-json\/wp\/v2\/users\/2"}],"replies":[{"embeddable":true,"href":"https:\/\/www.europesays.com\/africa\/wp-json\/wp\/v2\/comments?post=3692"}],"version-history":[{"count":0,"href":"https:\/\/www.europesays.com\/africa\/wp-json\/wp\/v2\/posts\/3692\/revisions"}],"wp:featuredmedia":[{"embeddable":true,"href":"https:\/\/www.europesays.com\/africa\/wp-json\/wp\/v2\/media\/3693"}],"wp:attachment":[{"href":"https:\/\/www.europesays.com\/africa\/wp-json\/wp\/v2\/media?parent=3692"}],"wp:term":[{"taxonomy":"category","embeddable":true,"href":"https:\/\/www.europesays.com\/africa\/wp-json\/wp\/v2\/categories?post=3692"},{"taxonomy":"post_tag","embeddable":true,"href":"https:\/\/www.europesays.com\/africa\/wp-json\/wp\/v2\/tags?post=3692"}],"curies":[{"name":"wp","href":"https:\/\/api.w.org\/{rel}","templated":true}]}}