{"id":3697,"date":"2026-01-04T21:56:08","date_gmt":"2026-01-04T21:56:08","guid":{"rendered":"https:\/\/www.europesays.com\/africa\/3697\/"},"modified":"2026-01-04T21:56:08","modified_gmt":"2026-01-04T21:56:08","slug":"can-2025-maroc-cameroun-senegal-le-tableau-des-quarts-de-finale-se-dessine","status":"publish","type":"post","link":"https:\/\/www.europesays.com\/africa\/3697\/","title":{"rendered":"CAN 2025\u00a0: Maroc, Cameroun, S\u00e9n\u00e9gal&#8230; le tableau des quarts de finale se dessine"},"content":{"rendered":"<p class=\"paragraph text_align_left lp-f-body-02\">On y voit d\u00e9j\u00e0 plus clair dans cette <a href=\"https:\/\/www.leparisien.fr\/sports\/football\/coupe-d-afrique-des-nations\/can-2025-le-tableau-complet-des-matchs-de-la-phase-finale-avec-les-dates-et-les-horaires-31-12-2025-6UFVGQAHCJEABEPLG5HMGL2J2U.php\" target=\"_self\" rel=\"nofollow noopener\">CAN 2025<\/a>. Apr\u00e8s la phase de poules, qui a \u00e9cr\u00e9m\u00e9 8 des 24 \u00e9quipes pr\u00e9sentes, les huiti\u00e8mes de finale vont d\u00e9gager un peu plus le tableau. Apr\u00e8s les quatre premi\u00e8res rencontres, la logique a plut\u00f4t \u00e9t\u00e9 respect\u00e9e puisque le Mali, le S\u00e9n\u00e9gal, le <a href=\"https:\/\/www.leparisien.fr\/sports\/football\/coupe-d-afrique-des-nations\/maroc-tanzanie-1-0-linarretable-brahim-diaz-sauve-les-lions-de-latlas-et-les-envoie-en-quarts-de-la-can-2025-04-01-2026-TNWWLFLCWNFVZOTSZ6LJZ5ZPXE.php\" target=\"_self\" rel=\"nofollow noopener\">Maroc <\/a>et le Cameroun se sont qualifi\u00e9s pour les quarts de finale.<\/p>\n<p class=\"\">Le Mali et le S\u00e9n\u00e9gal se retrouveront le vendredi 9 janvier \u00e0 17 heures, \u00e0 Tanger. Les Maliens, <a href=\"https:\/\/www.leparisien.fr\/sports\/football\/coupe-d-afrique-des-nations\/defaite-inexplicable-et-selectionneur-probablement-licencie-pour-la-tunisie-lelimination-de-la-can-va-laisser-des-traces-04-01-2026-MTV7BP62PBCJXGJP34BBBRQ43Q.php\" target=\"_self\" rel=\"nofollow noopener\">miracul\u00e9s aux tirs au but face \u00e0 la Tunisie<\/a>, ne partiront pas favoris face aux Lions de la Teranga, un temps bouscul\u00e9s mais malgr\u00e9 tout <a href=\"https:\/\/www.leparisien.fr\/sports\/football\/coupe-d-afrique-des-nations\/senegal-soudan-3-1-les-images-du-premier-but-a-la-can-de-lattaquant-du-psg-ibrahim-mbaye-encore-virevoltant-03-01-2026-65PSUJLDEZD6VCGUMY4IVEQER4.php\" target=\"_self\" rel=\"nofollow noopener\">faciles vainqueurs du Soudan (3-1)<\/a>.<\/p>\n<p>Deux affiches encore \u00e0 d\u00e9terminer<\/p>\n<p class=\"\">Dans l\u2019autre affiche d\u00e9j\u00e0 connue, disput\u00e9e dans la foul\u00e9e, le 9 janvier \u00e0 20 heures, le <a href=\"https:\/\/www.leparisien.fr\/sports\/football\/coupe-d-afrique-des-nations\/laisse-tomber-la-menuiserie-denfant-des-bidonvilles-a-revelation-de-la-can-le-destin-fou-dayoub-el-kaabi-04-01-2026-HRB3PRWY65DG3A3Z5LKRVAQ7RM.php\" target=\"_self\" rel=\"nofollow noopener\">Maroc<\/a> d\u00e9fiera le Cameroun. \u00c0 Rabat, dans le stade Moulay Abdallah, les Marocains auront fort \u00e0 faire face \u00e0 un quintuple vainqueur de l\u2019\u00e9dition, qui reste malgr\u00e9 tout loin de ses meilleures ann\u00e9es.<\/p>\n<p><img decoding=\"async\" class=\"image \" loading=\"lazy\" src=\"https:\/\/www.europesays.com\/africa\/wp-content\/uploads\/2026\/01\/NASQJYX7RFBT7HYTW357ZXKMUY.jpg\" alt=\"Le tableau des quarts de finale, apr\u00e8s les quatre premi\u00e8res rencontres.\" align=\"\" data-rubrique-principale=\"\" data-article-type=\"\" fetchpriority=\"auto\"\/>Le tableau des quarts de finale, apr\u00e8s les quatre premi\u00e8res rencontres.<\/p>\n<p class=\"\">Deux affiches restent \u00e0 d\u00e9terminer. Ce lundi, l\u2019<a href=\"https:\/\/www.leparisien.fr\/sports\/football\/egypte\/\" target=\"_self\" rel=\"nofollow noopener\">\u00c9gypte<\/a> devra assumer son statut et balayer les doutes face au B\u00e9nin (17 heures), tandis que le <a href=\"https:\/\/www.leparisien.fr\/sports\/direct-nigeria-tunisie-suivez-le-choc-entre-les-super-eagles-et-les-aigles-de-carthage-a-la-can-2025-27-12-2025-EVUI3FM64NGZ7NFDPB33DULE4U.php\" target=\"_self\" rel=\"nofollow noopener\">Nigeria <\/a>partira ensuite grand favori contre le Mozambique. Les deux vainqueurs se retrouveront le 10 janvier, \u00e0 Agadir, \u00e0 17 heures.<\/p>\n<p class=\"\">Mardi, <a href=\"https:\/\/www.leparisien.fr\/sports\/football\/coupe-d-afrique-des-nations\/algerie-burkina-faso-1-0-devant-zinedine-zidane-les-fennecs-assurent-lessentiel-et-retrouvent-les-huitiemes-de-la-can-28-12-2025-CQDYNZ4MBVC2FPABU5LV64PGXE.php\" target=\"_self\" rel=\"nofollow noopener\">l\u2019Alg\u00e9rie <\/a>retrouve le Congo dans un choc de haut niveau et de style (17 heures), avant que la C\u00f4te d\u2019Ivoire n\u2019affronte le Burkina Faso d\u00e8s le coup de sifflet final. L\u00e0 aussi, les deux \u00e9quipes victorieuses se retrouveront en quarts, \u00e0 Marrakech, samedi 10 janvier (20 heures).<\/p>\n","protected":false},"excerpt":{"rendered":"On y voit d\u00e9j\u00e0 plus clair dans cette CAN 2025. Apr\u00e8s la phase de poules, qui a \u00e9cr\u00e9m\u00e9&hellip;\n","protected":false},"author":2,"featured_media":3545,"comment_status":"","ping_status":"","sticky":false,"template":"","format":"standard","meta":{"footnotes":""},"categories":[48],"tags":[360,311,159,264],"class_list":{"0":"post-3697","1":"post","2":"type-post","3":"status-publish","4":"format-standard","5":"has-post-thumbnail","7":"category-senegal","8":"tag-can","9":"tag-football","10":"tag-senegal","11":"tag-sports"},"share_on_mastodon":{"url":"","error":""},"_links":{"self":[{"href":"https:\/\/www.europesays.com\/africa\/wp-json\/wp\/v2\/posts\/3697","targetHints":{"allow":["GET"]}}],"collection":[{"href":"https:\/\/www.europesays.com\/africa\/wp-json\/wp\/v2\/posts"}],"about":[{"href":"https:\/\/www.europesays.com\/africa\/wp-json\/wp\/v2\/types\/post"}],"author":[{"embeddable":true,"href":"https:\/\/www.europesays.com\/africa\/wp-json\/wp\/v2\/users\/2"}],"replies":[{"embeddable":true,"href":"https:\/\/www.europesays.com\/africa\/wp-json\/wp\/v2\/comments?post=3697"}],"version-history":[{"count":0,"href":"https:\/\/www.europesays.com\/africa\/wp-json\/wp\/v2\/posts\/3697\/revisions"}],"wp:featuredmedia":[{"embeddable":true,"href":"https:\/\/www.europesays.com\/africa\/wp-json\/wp\/v2\/media\/3545"}],"wp:attachment":[{"href":"https:\/\/www.europesays.com\/africa\/wp-json\/wp\/v2\/media?parent=3697"}],"wp:term":[{"taxonomy":"category","embeddable":true,"href":"https:\/\/www.europesays.com\/africa\/wp-json\/wp\/v2\/categories?post=3697"},{"taxonomy":"post_tag","embeddable":true,"href":"https:\/\/www.europesays.com\/africa\/wp-json\/wp\/v2\/tags?post=3697"}],"curies":[{"name":"wp","href":"https:\/\/api.w.org\/{rel}","templated":true}]}}