{"id":3698,"date":"2026-01-04T21:57:06","date_gmt":"2026-01-04T21:57:06","guid":{"rendered":"https:\/\/www.europesays.com\/africa\/3698\/"},"modified":"2026-01-04T21:57:06","modified_gmt":"2026-01-04T21:57:06","slug":"les-promesses-des-printemps-arabes-stimulent-la-redaction-du-temps","status":"publish","type":"post","link":"https:\/\/www.europesays.com\/africa\/3698\/","title":{"rendered":"Les promesses des Printemps arabes stimulent la r\u00e9daction du \u00abTemps\u00bb"},"content":{"rendered":"<p>A l&#8217;occasion du bicentenaire du Journal de Gen\u00e8ve, ce contenu vous est propos\u00e9 en acc\u00e8s libre. Si\u00a0 vous souhaitez soutenir un journalisme de qualit\u00e9, abonnez-vous et profitez, jusqu&#8217;au 7 janvier, de notre offre sp\u00e9ciale sans engagement <a href=\"https:\/\/www.letemps.ch\/abonnements\/offre-speciale?utm_source=lt&amp;utm_medium=sommaire&amp;utm_campaign=booster2025\" rel=\"nofollow noopener\" target=\"_blank\">pour seulement 1 fr.\/ mois<\/a>.<\/p>\n<p>Le lundi 28\u00a0f\u00e9vrier 2011, Le\u00a0Temps a d\u00e9j\u00e0 13\u00a0ans. <a href=\"https:\/\/www.letemps.ch\/en-images\/temps-20-ans-20-unes?srsltid=AfmBOooJQDjEQdc_JhDY_okj9pE4duxPpUkD4T1lN3XXo_bYNMEZlScm\" rel=\"nofollow noopener\" target=\"_blank\">Et un v\u00e9cu<\/a>, si l\u2019on consid\u00e8re l\u2019aube agit\u00e9e du XXIe\u00a0si\u00e8cle, qui n\u2019a plus grand-chose \u00e0 envier \u00e0 un Journal de Gen\u00e8ve. Celui-ci commence \u00e0 s\u00e9rieusement s\u2019estomper dans les m\u00e9moires, m\u00eame internes.<\/p>\n<p>On d\u00e9cide alors, sous la houlette de Serge Michel et du regrett\u00e9 Pierre Veya (1961-2024) \u00e0 la r\u00e9daction en chef, de consacrer une semaine enti\u00e8re \u00e0 \u00abprendre le pouls\u00bb des Printemps arabes. Du Maroc \u00e0 la Jordanie, une quinzaine de ses journalistes sont d\u00e9p\u00each\u00e9s pour rendre compte de \u00abl\u2019audace des peuples oubli\u00e9s\u00bb, selon la formule du second. Une op\u00e9ration de terrain qui marque les esprits des lecteurs, \u00e0 la fois dans le journal imprim\u00e9 et sur le web.<\/p>\n<p><a href=\"https:\/\/www.letemps.ch\/monde\/desillusions-printemps-arabes?\" rel=\"nofollow noopener\" target=\"_blank\">Les d\u00e9sillusions seront grandes<\/a>, mais il faut \u00abentendre, pour comprendre l\u2019origine de cette fi\u00e8vre\u00bb, <a href=\"https:\/\/www.letemps.ch\/opinions\/editoriaux\/laudace-peuples-oublies?\" rel=\"nofollow noopener\" target=\"_blank\">dit Veya<\/a>, ce sursaut \u00abque tant de discours disaient impossible\u00bb. Car avec cette \u00abhistoire qui semblait s\u2019\u00eatre arr\u00eat\u00e9e\u00bb, avec ces r\u00e9gimes assez fig\u00e9s au moment de la mort de ses pr\u00e9d\u00e9cesseurs, Le\u00a0Temps est frapp\u00e9 par une r\u00e9volte \u00abcomme suspendue par l\u2019espoir que tout peut changer. [\u2026] Le d\u00e9sir de libert\u00e9 et l\u2019aspiration \u00e0 plus de dignit\u00e9 sont irr\u00e9pressibles.\u00bb C\u2019\u00e9tait enfin une \u00abbonne nouvelle de ce d\u00e9but de XXIe\u00a0si\u00e8cle\u00bb.<\/p>\n<p>          Vivez l\u2019exp\u00e9rience autrementVous pouvez suivre l&#8217;ordre chronologique ou vous balader \u00e0 votre guise \u00e0 travers les \u00e9v\u00e9nements et les portraits des personnages historiques de ce bicentenaire.<a class=\"button is-small\" href=\"https:\/\/www.letemps.ch\/200ans\" rel=\"nofollow noopener\" target=\"_blank\">Explorez le Temps<\/a><\/p>\n","protected":false},"excerpt":{"rendered":"A l&#8217;occasion du bicentenaire du Journal de Gen\u00e8ve, ce contenu vous est propos\u00e9 en acc\u00e8s libre. Si\u00a0 vous&hellip;\n","protected":false},"author":2,"featured_media":3699,"comment_status":"","ping_status":"","sticky":false,"template":"","format":"standard","meta":{"footnotes":""},"categories":[41],"tags":[3038,2731,158,3037],"class_list":{"0":"post-3698","1":"post","2":"type-post","3":"status-publish","4":"format-standard","5":"has-post-thumbnail","7":"category-maroc","8":"tag-free","9":"tag-histoire","10":"tag-maroc","11":"tag-suisse"},"share_on_mastodon":{"url":"","error":""},"_links":{"self":[{"href":"https:\/\/www.europesays.com\/africa\/wp-json\/wp\/v2\/posts\/3698","targetHints":{"allow":["GET"]}}],"collection":[{"href":"https:\/\/www.europesays.com\/africa\/wp-json\/wp\/v2\/posts"}],"about":[{"href":"https:\/\/www.europesays.com\/africa\/wp-json\/wp\/v2\/types\/post"}],"author":[{"embeddable":true,"href":"https:\/\/www.europesays.com\/africa\/wp-json\/wp\/v2\/users\/2"}],"replies":[{"embeddable":true,"href":"https:\/\/www.europesays.com\/africa\/wp-json\/wp\/v2\/comments?post=3698"}],"version-history":[{"count":0,"href":"https:\/\/www.europesays.com\/africa\/wp-json\/wp\/v2\/posts\/3698\/revisions"}],"wp:featuredmedia":[{"embeddable":true,"href":"https:\/\/www.europesays.com\/africa\/wp-json\/wp\/v2\/media\/3699"}],"wp:attachment":[{"href":"https:\/\/www.europesays.com\/africa\/wp-json\/wp\/v2\/media?parent=3698"}],"wp:term":[{"taxonomy":"category","embeddable":true,"href":"https:\/\/www.europesays.com\/africa\/wp-json\/wp\/v2\/categories?post=3698"},{"taxonomy":"post_tag","embeddable":true,"href":"https:\/\/www.europesays.com\/africa\/wp-json\/wp\/v2\/tags?post=3698"}],"curies":[{"name":"wp","href":"https:\/\/api.w.org\/{rel}","templated":true}]}}