{"id":371,"date":"2026-01-03T13:26:10","date_gmt":"2026-01-03T13:26:10","guid":{"rendered":"https:\/\/www.europesays.com\/africa\/371\/"},"modified":"2026-01-03T13:26:10","modified_gmt":"2026-01-03T13:26:10","slug":"desabre-sexprime-sur-le-soutien-du-maroc-face-a-lalgerie","status":"publish","type":"post","link":"https:\/\/www.europesays.com\/africa\/371\/","title":{"rendered":"Desabre s&#8217;exprime sur le soutien du Maroc face \u00e0 l&#8217;Alg\u00e9rie"},"content":{"rendered":"<p style=\"text-align: justify;\" data-start=\"105\" data-end=\"384\">\u00c0 quelques jours du huiti\u00e8me de finale de la CAN 2025 entre les Fennecs et la R\u00e9publique d\u00e9mocratique du Congo, le s\u00e9lectionneur fran\u00e7ais a pris la parole. S\u00e9bastien Desabre s\u2019est exprim\u00e9 sur la pr\u00e9paration du match, le niveau de l\u2019Alg\u00e9rie et le soutien venu du Maroc.<\/p>\n<p>Un discours ax\u00e9 sur le s\u00e9rieux et la confiance<\/p>\n<p style=\"text-align: justify;\" data-start=\"386\" data-end=\"870\">Dans un entretien accord\u00e9 \u00e0 Top Congo, S\u00e9bastien Desabre a tenu \u00e0 rappeler l\u2019\u00e9tat d\u2019esprit qui anime son groupe depuis le d\u00e9but de la comp\u00e9tition. Le technicien fran\u00e7ais insiste sur la rigueur, le s\u00e9rieux et la conviction collective : \u00ab On va pr\u00e9parer le match comme on a toujours pr\u00e9par\u00e9 le plus s\u00e9rieusement possible en mettant en place des choses pour \u00eatre performant. On veut jouer notre chance \u00e0 fond parce qu\u2019on pense qu\u2019on a les capacit\u00e9s pour passer. \u00bb<\/p>\n<p style=\"text-align: justify;\" data-start=\"872\" data-end=\"1600\">Poursuivant son analyse, le s\u00e9lectionneur de la RD Congo a ensuite \u00e9voqu\u00e9 l\u2019approche tactique de cette rencontre face \u00e0 une s\u00e9lection alg\u00e9rienne r\u00e9put\u00e9e pour sa solidit\u00e9 et sa richesse offensive, tout en mettant en avant l\u2019\u00e9tat d\u2019esprit de ses joueurs : \u00ab On voudra aller marquer des buts. C\u2019est une \u00e9vidence. Apr\u00e8s, les rapports de force, on verra comment ils vont s\u2019installer d\u00e8s le d\u00e9but de la rencontre. L\u2019Alg\u00e9rie est une tr\u00e8s bonne \u00e9quipe avec beaucoup de qualit\u00e9s offensives et d\u00e9fensives. Donc, on va mettre en place quelque chose et puis on verra ce qui se passe. Ce qui sera important, c\u2019est de tout donner sur le terrain comme on a toujours tout donn\u00e9. Et les joueurs sont extr\u00eamement motiv\u00e9s et attendent ce match. \u00bb<\/p>\n<p style=\"text-align: justify;\" data-start=\"872\" data-end=\"1600\">\n<p style=\"text-align: justify;\" data-start=\"1602\" data-end=\"2306\">S\u00e9bastien Desabre s\u2019est ensuite projet\u00e9 sur l\u2019importance symbolique et sportive de ce type d\u2019affrontement en phase \u00e0 \u00e9limination directe, rappelant que les grandes nations passent toujours par ce genre de rendez-vous pour aller au bout : \u00ab C\u2019est tr\u00e8s excitant. Quand vous gagnez une CAN, il faut passer par ce genre de match. Les grand matchs, donc on en a d\u00e9j\u00e0 un contre l\u2019Alg\u00e9rie, comme on a eu contre l\u2019Egypte \u00e0 la derni\u00e8re CAN. \u00c0 nous de savoir bien le man\u0153uvrer et puis de passer sur le prochain tour. Et puis, on aura une autre \u00e9quipe. Mais apr\u00e8s, Nigeria devra battre le Mozambique aussi. On doit se focaliser \u00e9tape par \u00e9tape. Nous, ce qui est important, c\u2019est de se qualifier contre l\u2019Alg\u00e9rie. \u00bb<\/p>\n<p>Le soutien marocain, un sujet secondaire pour Desabre<\/p>\n<p style=\"text-align: justify;\" data-start=\"2308\" data-end=\"2680\" data-is-last-node=\"\" data-is-only-node=\"\">Interrog\u00e9 sur le soutien venu du Maroc en vue d\u2019une \u00e9limination de l\u2019Alg\u00e9rie, S\u00e9bastien Desabre a pr\u00e9f\u00e9r\u00e9 recentrer le d\u00e9bat sur l\u2019essentiel : \u00ab Nous, on est focus sur le match, on est focus sur nos fans \u00e0 nous. C\u2019est \u00e7a qui nous importe le plus. Apr\u00e8s, plus il y a de gens qui nous supportent, plus on est content. \u00bb<\/p>\n<p data-start=\"2308\" data-end=\"2680\" data-is-last-node=\"\" data-is-only-node=\"\">LIRE EGALEMENT : <a href=\"https:\/\/lagazettedufennec.com\/guinee-equat-algerie-1-3-can-2025-retour-en-images-sur-une-belle-victoire-des-verts\/\" rel=\"nofollow noopener\" target=\"_blank\">Guin\u00e9e \u00e9quat-Alg\u00e9rie (1-3) \/ CAN 2025 : Retour en images sur une belle victoire des Verts<\/a><\/p>\n","protected":false},"excerpt":{"rendered":"\u00c0 quelques jours du huiti\u00e8me de finale de la CAN 2025 entre les Fennecs et la R\u00e9publique d\u00e9mocratique&hellip;\n","protected":false},"author":2,"featured_media":372,"comment_status":"","ping_status":"","sticky":false,"template":"","format":"standard","meta":{"footnotes":""},"categories":[254],"tags":[255,256,314,505,506,507,508,509,510,511,512],"class_list":{"0":"post-371","1":"post","2":"type-post","3":"status-publish","4":"format-standard","5":"has-post-thumbnail","7":"category-algerie","8":"tag-algerie","9":"tag-algu00e9rie-can","10":"tag-algu00e9rie-can-2025","11":"tag-algu00e9rie-rd-congo","12":"tag-desabre-algu00e9rie","13":"tag-desabre-algu00e9rie-maroc","14":"tag-desabre-can","15":"tag-su00e9bastien-desabre","16":"tag-su00e9bastien-desabre-algu00e9rie","17":"tag-su00e9bastien-desabre-congo","18":"tag-su00e9bastien-desabre-rd-congo"},"share_on_mastodon":{"url":"","error":""},"_links":{"self":[{"href":"https:\/\/www.europesays.com\/africa\/wp-json\/wp\/v2\/posts\/371","targetHints":{"allow":["GET"]}}],"collection":[{"href":"https:\/\/www.europesays.com\/africa\/wp-json\/wp\/v2\/posts"}],"about":[{"href":"https:\/\/www.europesays.com\/africa\/wp-json\/wp\/v2\/types\/post"}],"author":[{"embeddable":true,"href":"https:\/\/www.europesays.com\/africa\/wp-json\/wp\/v2\/users\/2"}],"replies":[{"embeddable":true,"href":"https:\/\/www.europesays.com\/africa\/wp-json\/wp\/v2\/comments?post=371"}],"version-history":[{"count":0,"href":"https:\/\/www.europesays.com\/africa\/wp-json\/wp\/v2\/posts\/371\/revisions"}],"wp:featuredmedia":[{"embeddable":true,"href":"https:\/\/www.europesays.com\/africa\/wp-json\/wp\/v2\/media\/372"}],"wp:attachment":[{"href":"https:\/\/www.europesays.com\/africa\/wp-json\/wp\/v2\/media?parent=371"}],"wp:term":[{"taxonomy":"category","embeddable":true,"href":"https:\/\/www.europesays.com\/africa\/wp-json\/wp\/v2\/categories?post=371"},{"taxonomy":"post_tag","embeddable":true,"href":"https:\/\/www.europesays.com\/africa\/wp-json\/wp\/v2\/tags?post=371"}],"curies":[{"name":"wp","href":"https:\/\/api.w.org\/{rel}","templated":true}]}}