{"id":3722,"date":"2026-01-04T22:10:16","date_gmt":"2026-01-04T22:10:16","guid":{"rendered":"https:\/\/www.europesays.com\/africa\/3722\/"},"modified":"2026-01-04T22:10:16","modified_gmt":"2026-01-04T22:10:16","slug":"maghreb-anatomie-dune-rumeur","status":"publish","type":"post","link":"https:\/\/www.europesays.com\/africa\/3722\/","title":{"rendered":"Maghreb\u00a0: anatomie d\u2019une rumeur"},"content":{"rendered":"<p>LETTRE DU MAGHREB. Des m\u00e9dias ont v\u00e9hicul\u00e9 de fausses informations sur un pr\u00e9tendu accord militaire qui permettrait \u00e0 l\u2019arm\u00e9e alg\u00e9rienne d\u2019intervenir en Tunisie.<\/p>\n<p class=\"c-paragraph paywall\">\u00catre hostile \u00e0 un r\u00e9gime brutal, autocratique, qui embastille tout opposant, ne signifie pas corroborer la premi\u00e8re sornette pouvant lui nuire. Depuis novembre, la rumeur se fait insistante : <a href=\"https:\/\/www.lepoint.fr\/afrique\/la-tunisie-dans-le-giron-algerien-26-03-2023-2513582_3826.php\" target=\"_self\" rel=\"nofollow noopener\" title=\"https:\/\/www.lepoint.fr\/afrique\/la-tunisie-dans-le-giron-algerien-26-03-2023-2513582_3826.php\">Alger et Tunis auraient sign\u00e9 un accord militaire permettant \u00e0 l\u2019Alg\u00e9rie<\/a> d\u2019intervenir dans un pourtour de cinquante kilom\u00e8tres sur le territoire tunisien ainsi que \u00ab dans les institutions \u00bb (pr\u00e9sidence, assembl\u00e9es, t\u00e9l\u00e9vision nationale&#8230;). Une sorte de droit de visite arm\u00e9, une main mise sur le pays voisin, une vassalisation d\u2019une ampleur rarement atteinte sur le globe. <\/p>\n<p class=\"c-paragraph\">C\u00f4t\u00e9 pr\u00e9sidence tunisienne, on est demeur\u00e9 fid\u00e8le \u00e0 sa doxa : on ne r\u00e9pond pas aux journalistes, une engeance infr\u00e9quentable, enfin les journalistes qui sont encore en libert\u00e9. <\/p>\n<p class=\"c-paragraph\">En Alg\u00e9rie, idem. Cons\u00e9quence, on suppute. Que deux d\u00e9l\u00e9gations alg\u00e9ro-tunisiennes se soient rencontr\u00e9es r\u00e9cemment au plus haut niveau militaire a rajout\u00e9 deux dinars dans le juke-box \u00e0 rumeurs. Comme un quignon jet\u00e9 aux ing\u00e9nieurs du chaos, selon l\u2019expression de Gianni Da Empoli (1)pass\u00e9e \u00e0 la post\u00e9rit\u00e9. Sur le fond : rien n\u2019est vrai. Sur la forme : tout est bidon. Et pourtant, la rumeur rebondit de pseudo-m\u00e9dias en ligne tunisiens jusqu\u2019\u00e0 des journaux f\u00eatant leurs deux cents ans de s\u00e9rieux en Europe. <\/p>\n<p>L\u2019industrie du complot<\/p>\n<p class=\"c-paragraph\">Au Maghreb, le complot est une seconde nature. Il s\u2019\u00e9panouit dans les caf\u00e9s, dans des bavardages sans fin entre hommes. Les femmes font de m\u00eame dans les salons de th\u00e9. Sous le soleil d\u2019Afrique du nord, la rumeur est pagnolesque, picrocholine et parfois flamboyante. Ce sont des fariboles que des grandes personnes se racontent pour se distraire. Fut une \u00e9poque r\u00e9cente o\u00f9 l\u2019on devinait un espion du Mossad derri\u00e8re chaque palmier. C\u2019\u00e9tait excessif. Un complot ici s\u2019appuie d\u2019un \u00ab tout le monde le sait \u00bb lourd de signification, d\u2019une source familiale, \u00ab mon cousin a un contact \u00e0 Bouchoucha (caserne situ\u00e9e au Bardo), \u00ab un politique de mes amis a dit \u00bb, d\u2019une multitude de \u00ab sources \u00bb. Tout cela \u00e9tait pour de rire. Dans le nouvel ordre mondial, la guerre est hybride et se m\u00e8ne sur le terrain des \u00ab fake news \u00bb, des raids de trolls et autres Attila de la d\u00e9sinformation. Ce qu\u2019il y a d\u2019inqui\u00e9tant dans cette fausse nouvelle, c\u2019est qu\u2019elle s\u2019attaque \u00e0 la seule institution stable en Tunisie : <a href=\"https:\/\/www.lepoint.fr\/monde\/la-tunisie-sous-l-influence-de-l-algerie-13-04-2025-2587228_24.php\" target=\"_self\" rel=\"nofollow noopener\" title=\"https:\/\/www.lepoint.fr\/monde\/la-tunisie-sous-l-influence-de-l-algerie-13-04-2025-2587228_24.php\">l\u2019arm\u00e9e<\/a>. <\/p>\n<p>Tunisie, une ic\u00f4ne nomm\u00e9e arm\u00e9e <\/p>\n<p class=\"c-paragraph\">Depuis la r\u00e9volution, l\u2019arm\u00e9e tunisienne demeure invariablement l\u2019institution \u2013 la seule \u2013 qui f\u00e9d\u00e8re les Tunisiens. <a href=\"https:\/\/www.lepoint.fr\/editos-du-point\/kamel-daoud-tunisie-le-labo-saccage-de-la-democratie-dans-le-monde-arabe-19-05-2025-2589868_32.php\" target=\"_self\" rel=\"nofollow noopener\" title=\"https:\/\/www.lepoint.fr\/editos-du-point\/kamel-daoud-tunisie-le-labo-saccage-de-la-democratie-dans-le-monde-arabe-19-05-2025-2589868_32.php\">Elle caracole en t\u00eate dans les sondages quand policiers et politiques sont en queue de classement<\/a>. En janvier 2011, dans les jours qui ont suivi la chute de la dictature Ben Ali, des tanks \u00e9taient judicieusement plac\u00e9s aux intersections et devant les b\u00e2timents officiels. Les enfants venaient offrir des fleurs aux soldats, fleurs qui s\u2019alignaient sur le capot couleur kaki. On a enjoliv\u00e9 l\u2019\u00e9poque, imprimer la l\u00e9gende. Le g\u00e9n\u00e9ral Seriati qui fera toute sa carri\u00e8re avec Ben Ali &#8211; directeur de la s\u00fbret\u00e9 national (1991), chef de la garde pr\u00e9sidentielle (2001) \u2013 sera arr\u00eat\u00e9 le soir de la fuite de Ben Ali, soup\u00e7onn\u00e9 de fomenter une contre-r\u00e9volution. Il en sortira en 2014 et vivra dans la crainte d\u2019\u00eatre rattrap\u00e9 par la justice transitionnelle. Lors d\u2019un rendez-vous dans une maison de La Marsa, \u00e0 un jet de lacrymo de l\u2019\u00e9cole primaire fran\u00e7aise, l\u2019homme paraissait \u00e9prouv\u00e9 par la prison et semblait inquiet \u00e0 l\u2019id\u00e9e d\u2019y retourner. \u00c7a n\u2019arrivera pas. <\/p>\n<p class=\"c-paragraph\">Depuis la mise \u00e0 sac de toutes les institutions issues de la r\u00e9volution de 2011 (Constitution, Assembl\u00e9e des repr\u00e9sentants du peuple, instances ind\u00e9pendantes) par <a href=\"https:\/\/www.lepoint.fr\/moncompte.lepoint.fr\/verify?returnUrl=https:\/\/www.lepoint.fr\/monde\/tunisie-la-colonie-penitentiaire-du-president-saied-07-12-2025-2604843_24.php\" target=\"_self\" rel=\"nofollow noopener\" title=\"moncompte.lepoint.fr\/verify?returnUrl=https:\/\/www.lepoint.fr\/monde\/tunisie-la-colonie-penitentiaire-du-president-saied-07-12-2025-2604843_24.php\">le pr\u00e9sident Ka\u00efs Sa\u00efed<\/a>, la police le soutient ardemment quand l\u2019arm\u00e9e ne dit rien mais consent. Elle demeure l\u2019unique recours en cas d\u2019effondrement de la colonie p\u00e9nitentiaire \u00e9difi\u00e9e par Sa\u00efed. La rumeur d\u2019un accord entre les deux arm\u00e9es, pla\u00e7ant la Tunisienne sous tutelle de l\u2019alg\u00e9rienne, a pour ambition de saper la cr\u00e9dibilit\u00e9 et la souverainet\u00e9 de la grande muette de Tunisie. <a href=\"https:\/\/www.lepoint.fr\/monde\/kais-saied-l-autocrate-tunisien-des-tenebres-31-08-2025-2597381_24.php\" target=\"_self\" rel=\"nofollow noopener\" title=\"https:\/\/www.lepoint.fr\/monde\/kais-saied-l-autocrate-tunisien-des-tenebres-31-08-2025-2597381_24.php\">Que Sa\u00efed ait \u00e9pous\u00e9 le r\u00e9gime alg\u00e9rien<\/a>, personne n\u2019en doute depuis qu\u2019il a brouill\u00e9 son pays avec le Maroc en prenant fait et cause pour la vision alg\u00e9rienne sur le Sahara occidental, mettant fin \u00e0 des d\u00e9cennies de neutralit\u00e9. Mais que l\u2019arm\u00e9e tunisienne avale une couleuvre taille boa de cet acabit, c\u2019est impensable. Une t\u00e9n\u00e9breuse affaire, \u00e0 suivre. <\/p>\n<p class=\"c-paragraph\">*Disponible, indispensable et m\u00e9morable aux \u00e9ditions Folio. <\/p>\n","protected":false},"excerpt":{"rendered":"LETTRE DU MAGHREB. Des m\u00e9dias ont v\u00e9hicul\u00e9 de fausses informations sur un pr\u00e9tendu accord militaire qui permettrait \u00e0&hellip;\n","protected":false},"author":2,"featured_media":3723,"comment_status":"","ping_status":"","sticky":false,"template":"","format":"standard","meta":{"footnotes":""},"categories":[254],"tags":[255,1659],"class_list":{"0":"post-3722","1":"post","2":"type-post","3":"status-publish","4":"format-standard","5":"has-post-thumbnail","7":"category-algerie","8":"tag-algerie","9":"tag-horizontal"},"share_on_mastodon":{"url":"","error":""},"_links":{"self":[{"href":"https:\/\/www.europesays.com\/africa\/wp-json\/wp\/v2\/posts\/3722","targetHints":{"allow":["GET"]}}],"collection":[{"href":"https:\/\/www.europesays.com\/africa\/wp-json\/wp\/v2\/posts"}],"about":[{"href":"https:\/\/www.europesays.com\/africa\/wp-json\/wp\/v2\/types\/post"}],"author":[{"embeddable":true,"href":"https:\/\/www.europesays.com\/africa\/wp-json\/wp\/v2\/users\/2"}],"replies":[{"embeddable":true,"href":"https:\/\/www.europesays.com\/africa\/wp-json\/wp\/v2\/comments?post=3722"}],"version-history":[{"count":0,"href":"https:\/\/www.europesays.com\/africa\/wp-json\/wp\/v2\/posts\/3722\/revisions"}],"wp:featuredmedia":[{"embeddable":true,"href":"https:\/\/www.europesays.com\/africa\/wp-json\/wp\/v2\/media\/3723"}],"wp:attachment":[{"href":"https:\/\/www.europesays.com\/africa\/wp-json\/wp\/v2\/media?parent=3722"}],"wp:term":[{"taxonomy":"category","embeddable":true,"href":"https:\/\/www.europesays.com\/africa\/wp-json\/wp\/v2\/categories?post=3722"},{"taxonomy":"post_tag","embeddable":true,"href":"https:\/\/www.europesays.com\/africa\/wp-json\/wp\/v2\/tags?post=3722"}],"curies":[{"name":"wp","href":"https:\/\/api.w.org\/{rel}","templated":true}]}}