{"id":3724,"date":"2026-01-04T22:11:11","date_gmt":"2026-01-04T22:11:11","guid":{"rendered":"https:\/\/www.europesays.com\/africa\/3724\/"},"modified":"2026-01-04T22:11:11","modified_gmt":"2026-01-04T22:11:11","slug":"le-senegal-affrontera-le-mali-en-quart-de-finale-nabil-djellit-voit-sa-prediction-echouer","status":"publish","type":"post","link":"https:\/\/www.europesays.com\/africa\/3724\/","title":{"rendered":"Le S\u00e9n\u00e9gal affrontera le Mali en quart de finale, Nabil Djellit voit sa pr\u00e9diction \u00e9chouer"},"content":{"rendered":"<p class=\"firstp\">Le S\u00e9n\u00e9gal se pr\u00e9pare \u00e0 affronter le Mali en quart de finale de la CAN 2025, vendredi. Cette confrontation fait suite \u00e0 l\u2019\u00e9limination de la Tunisie par le Mali, aux tirs au but, apr\u00e8s un match marqu\u00e9 par la sup\u00e9riorit\u00e9 num\u00e9rique des Aigles de Carthage d\u00e8s la 26e minute.<\/p>\n<p>Le journaliste franco-alg\u00e9rien Nabil Djellit avait pr\u00e9dit un tout autre sc\u00e9nario. Sur l\u2019\u00e9mission Winamax FC, il anticipait une victoire tunisienne et un quart de finale opposant la Tunisie au S\u00e9n\u00e9gal, se soldant par l\u2019\u00e9limination des Lions de la Teranga.\n<\/p>\n<p>\u00ab Cette \u00e9quipe de la Tunisie, personne ne souhaite la jouer. Elle peut faire tomber n\u2019importe qui. Face au Mali, ce sera un match serr\u00e9 et ennuyant mais la Tunisie va passer. En quart de finale, les\u202fTunisiens vont pourrir la vie aux S\u00e9n\u00e9galais durant tout le match et les amener aux tirs au but pour les \u00e9liminer \u00bb,<br \/>avait d\u00e9clar\u00e9 Nabil Djellit.\n<\/p>\n<p>La pr\u00e9diction n\u2019a pas \u00e9t\u00e9 confirm\u00e9e : malgr\u00e9 sa sup\u00e9riorit\u00e9 num\u00e9rique, la Tunisie a \u00e9t\u00e9 tenue en \u00e9chec par le Mali avant de s\u2019incliner lors de la s\u00e9ance de tirs au but. Le S\u00e9n\u00e9gal affrontera donc bien le Mali pour une place en demi-finale.<\/p>\n<p>Par ailleurs, Nabil Djellit avait \u00e9galement annonc\u00e9 une victoire du Maroc en finale face \u00e0 l\u2019\u00c9gypte dans le cadre de sa s\u00e9rie de pronostics pour la comp\u00e9tition.<\/p>\n","protected":false},"excerpt":{"rendered":"Le S\u00e9n\u00e9gal se pr\u00e9pare \u00e0 affronter le Mali en quart de finale de la CAN 2025, vendredi. Cette&hellip;\n","protected":false},"author":2,"featured_media":3725,"comment_status":"","ping_status":"","sticky":false,"template":"","format":"standard","meta":{"footnotes":""},"categories":[48],"tags":[360,311,3107,159,163,481,239,1571],"class_list":{"0":"post-3724","1":"post","2":"type-post","3":"status-publish","4":"format-standard","5":"has-post-thumbnail","7":"category-senegal","8":"tag-can","9":"tag-football","10":"tag-nabil-djelit","11":"tag-senegal","12":"tag-senegal-actualites","13":"tag-senenews-sport","14":"tag-societe","15":"tag-tunisie"},"share_on_mastodon":{"url":"","error":""},"_links":{"self":[{"href":"https:\/\/www.europesays.com\/africa\/wp-json\/wp\/v2\/posts\/3724","targetHints":{"allow":["GET"]}}],"collection":[{"href":"https:\/\/www.europesays.com\/africa\/wp-json\/wp\/v2\/posts"}],"about":[{"href":"https:\/\/www.europesays.com\/africa\/wp-json\/wp\/v2\/types\/post"}],"author":[{"embeddable":true,"href":"https:\/\/www.europesays.com\/africa\/wp-json\/wp\/v2\/users\/2"}],"replies":[{"embeddable":true,"href":"https:\/\/www.europesays.com\/africa\/wp-json\/wp\/v2\/comments?post=3724"}],"version-history":[{"count":0,"href":"https:\/\/www.europesays.com\/africa\/wp-json\/wp\/v2\/posts\/3724\/revisions"}],"wp:featuredmedia":[{"embeddable":true,"href":"https:\/\/www.europesays.com\/africa\/wp-json\/wp\/v2\/media\/3725"}],"wp:attachment":[{"href":"https:\/\/www.europesays.com\/africa\/wp-json\/wp\/v2\/media?parent=3724"}],"wp:term":[{"taxonomy":"category","embeddable":true,"href":"https:\/\/www.europesays.com\/africa\/wp-json\/wp\/v2\/categories?post=3724"},{"taxonomy":"post_tag","embeddable":true,"href":"https:\/\/www.europesays.com\/africa\/wp-json\/wp\/v2\/tags?post=3724"}],"curies":[{"name":"wp","href":"https:\/\/api.w.org\/{rel}","templated":true}]}}