{"id":3726,"date":"2026-01-04T22:12:12","date_gmt":"2026-01-04T22:12:12","guid":{"rendered":"https:\/\/www.europesays.com\/africa\/3726\/"},"modified":"2026-01-04T22:12:12","modified_gmt":"2026-01-04T22:12:12","slug":"afrique-du-sud-cameroun-1-2-sans-forcer-leur-talent-les-lions-indomptables-rejoignent-le-maroc-en-quarts-de-la-can","status":"publish","type":"post","link":"https:\/\/www.europesays.com\/africa\/3726\/","title":{"rendered":"Afrique du Sud-Cameroun (1-2)\u00a0: sans forcer leur talent, les Lions indomptables rejoignent le Maroc en quarts de la CAN"},"content":{"rendered":"<p class=\"paragraph text_align_left lp-f-body-02\">Une affaire rondement men\u00e9e. Sans briller et en laissant la ma\u00eetrise du jeu \u00e0 l\u2019Afrique du Sud, avec seulement 33% de possession de balle, <a href=\"https:\/\/www.leparisien.fr\/sports\/football\/cameroun\/\" target=\"_blank\" rel=\"noreferrer nofollow noopener\">le Cameroun<\/a> s\u2019est qualifi\u00e9 ce dimanche soir pour les quarts de finale de <a href=\"https:\/\/www.leparisien.fr\/sports\/football\/coupe-d-afrique-des-nations\/\" target=\"_blank\" rel=\"noreferrer nofollow noopener\">la Coupe d\u2019Afrique des nations<\/a> (1-2). Les Lions indomptables affronteront le pays h\u00f4te marocain, qui a battu la Tanzanie (1-0) plut\u00f4t dans la journ\u00e9e sans montrer un visage beaucoup plus convaincant.<\/p>\n<p class=\"\">Timides d\u00e8s les premi\u00e8res secondes, les Camerounais ont laiss\u00e9 les premi\u00e8res opportunit\u00e9s <a href=\"https:\/\/www.leparisien.fr\/sports\/football\/coupe-d-afrique-des-nations\/can-2025-afrique-du-sud-liste-joueur-a-suivre-calendrier-des-matchs-tout-savoir-sur-les-bafana-bafana-16-12-2025-QYE3HEYJQFFIZCY5YHV6XRR6Q4.php\" target=\"_blank\" rel=\"noreferrer nofollow noopener\">aux Bafana Bafana<\/a>. Mais ni Lyle Foster, d\u2019abord impr\u00e9cis puis pi\u00e9g\u00e9 par un hors-jeu, ni Relebohile Mofokeng ne sont parvenus \u00e0 marquer. C\u2019est finalement Junior Tchamadeu qui a ouvert le score, contre le cours du jeu, en profitant d\u2019une frappe de l\u2019ancien Lillois Carlos Baleba contr\u00e9e et revenue dans ses pieds (34e).<\/p>\n<p class=\"\">Visiblement satisfait de sa tactique, avec un bloc bas et quelques timides contre-attaques, <a href=\"https:\/\/www.leparisien.fr\/sports\/football\/coupe-d-afrique-des-nations\/can-2025-coach-vire-joueurs-stars-ecartes-le-cameroun-pique-sa-crise-a-20-jours-du-tournoi-02-12-2025-KBQAFS7FNVCQ3NUOQHSOWGSOI4.php\" target=\"_blank\" rel=\"noreferrer nofollow noopener\">le s\u00e9lectionneur David Pagou<\/a>, arriv\u00e9 juste avant le d\u00e9but du tournoi pour suppl\u00e9er Marc Brys, n\u2019a pas chang\u00e9 de style en deuxi\u00e8me mi-temps. Christian Kofane lui a donn\u00e9 raison en reprenant victorieusement un centre du Rennais Mahamadou Nagida (47e). Les Lions indomptables \u00e9taient d\u00e9j\u00e0 \u00e0 l\u2019abri et pouvaient sereinement g\u00e9rer leur avantage.<\/p>\n<p class=\"\">Ils ne furent presque pas inqui\u00e9t\u00e9s, malgr\u00e9 des tentatives de Samukelo Kabini et Teboho Mokoena. Les Sud-Africains n\u2019ont finalement trouv\u00e9 l\u2019ouverture qu\u2019\u00e0 la 88e minute, avec une reprise d\u2019Evidence Makgopa. Il \u00e9tait toutefois trop tard, malgr\u00e9 un gros pressing. Le Cameroun est en quarts de finale de la Coupe d\u2019Afrique des nations et attend d\u00e9sormais son grand rendez-vous face au Maroc, ce vendredi 9 janvier.<\/p>\n","protected":false},"excerpt":{"rendered":"Une affaire rondement men\u00e9e. Sans briller et en laissant la ma\u00eetrise du jeu \u00e0 l\u2019Afrique du Sud, avec&hellip;\n","protected":false},"author":2,"featured_media":3727,"comment_status":"","ping_status":"","sticky":false,"template":"","format":"standard","meta":{"footnotes":""},"categories":[41],"tags":[360,311,158,264],"class_list":{"0":"post-3726","1":"post","2":"type-post","3":"status-publish","4":"format-standard","5":"has-post-thumbnail","7":"category-maroc","8":"tag-can","9":"tag-football","10":"tag-maroc","11":"tag-sports"},"share_on_mastodon":{"url":"","error":""},"_links":{"self":[{"href":"https:\/\/www.europesays.com\/africa\/wp-json\/wp\/v2\/posts\/3726","targetHints":{"allow":["GET"]}}],"collection":[{"href":"https:\/\/www.europesays.com\/africa\/wp-json\/wp\/v2\/posts"}],"about":[{"href":"https:\/\/www.europesays.com\/africa\/wp-json\/wp\/v2\/types\/post"}],"author":[{"embeddable":true,"href":"https:\/\/www.europesays.com\/africa\/wp-json\/wp\/v2\/users\/2"}],"replies":[{"embeddable":true,"href":"https:\/\/www.europesays.com\/africa\/wp-json\/wp\/v2\/comments?post=3726"}],"version-history":[{"count":0,"href":"https:\/\/www.europesays.com\/africa\/wp-json\/wp\/v2\/posts\/3726\/revisions"}],"wp:featuredmedia":[{"embeddable":true,"href":"https:\/\/www.europesays.com\/africa\/wp-json\/wp\/v2\/media\/3727"}],"wp:attachment":[{"href":"https:\/\/www.europesays.com\/africa\/wp-json\/wp\/v2\/media?parent=3726"}],"wp:term":[{"taxonomy":"category","embeddable":true,"href":"https:\/\/www.europesays.com\/africa\/wp-json\/wp\/v2\/categories?post=3726"},{"taxonomy":"post_tag","embeddable":true,"href":"https:\/\/www.europesays.com\/africa\/wp-json\/wp\/v2\/tags?post=3726"}],"curies":[{"name":"wp","href":"https:\/\/api.w.org\/{rel}","templated":true}]}}