{"id":373,"date":"2026-01-03T13:27:06","date_gmt":"2026-01-03T13:27:06","guid":{"rendered":"https:\/\/www.europesays.com\/africa\/373\/"},"modified":"2026-01-03T13:27:06","modified_gmt":"2026-01-03T13:27:06","slug":"senegal-ouverture-a-kaolack-du-fora-rural-invest-pour-promouvoir-linsertion-des-jeunes-ruraux","status":"publish","type":"post","link":"https:\/\/www.europesays.com\/africa\/373\/","title":{"rendered":"S\u00e9n\u00e9gal: Ouverture \u00e0 Kaolack du &#8216;Fora rural Invest&#8217; pour promouvoir l&#8217;insertion des jeunes ruraux"},"content":{"rendered":"<p class=\"story-body-text\" data-para-word-count=\"49\">Kaolack \u2014 Le Conseil r\u00e9gional de concertation et de coop\u00e9ration des ruraux (CRCR) a lanc\u00e9, vendredi, le &#8220;Fora rural-Invest&#8221; afin de contribuer \u00e0 l&#8217;insertion socio-\u00e9conomique durable des jeunes ruraux de la r\u00e9gion de Kaolack (centre) par l&#8217;am\u00e9lioration de leur acc\u00e8s aux opportunit\u00e9s d&#8217;accompagnement, de financement et de commercialisation, a appris l&#8217;APS.<\/p>\n<p class=\"story-body-text\" data-para-word-count=\"48\">&#8220;Cette rencontre s&#8217;inscrit en droite ligne des activit\u00e9s du projet +Salouma-CNCR+ (le Conseil national), pour accompagner les jeunes entrepreneurs, qui \u00e9voluent tous dans le domaine agrosylvopastoral et halieutique, pour qu&#8217;ils restent au S\u00e9n\u00e9gal, y travailler et y r\u00e9ussir&#8221;, a expliqu\u00e9 le pr\u00e9sident du CRCR de Kaolack, Sidy Ba.<\/p>\n<p class=\"story-body-text\" data-para-word-count=\"41\">L&#8217;initiative en partenariat avec la Direction r\u00e9gionale du d\u00e9veloppement rural (DRDR) et la Chambre de commerce, d&#8217;industrie et d&#8217;agriculture de Kaolack vise \u00e0 &#8220;accompagner les jeunes entrepreneurs, pour qu&#8217;ils restent au S\u00e9n\u00e9gal, y travailler et y r\u00e9ussir&#8221;, a t -il ajout\u00e9.<\/p>\n<p class=\"story-body-text\" data-para-word-count=\"30\">La rencontre , a ajout\u00e9 Sidy B\u00e2, se veut une activit\u00e9 structurante et reproductible, visant \u00e0 renforcer durablement l&#8217;\u00e9cosyst\u00e8me d&#8217;accompagnement des jeunes ruraux dans la r\u00e9gion de Kaolack&#8221;, a-t-il signal\u00e9.<\/p>\n<p class=\"story-body-text\" style=\"text-align: center;\">\n<p>Suivez-nous sur <a href=\"https:\/\/whatsapp.com\/channel\/0029Vae09IP4inotqC0BUQ2V\" target=\"_blank\" rel=\"nofollow noopener\">WhatsApp<\/a> | <a href=\"https:\/\/www.linkedin.com\/company\/allafrica\/\" target=\"_blank\" rel=\"nofollow noopener\">LinkedIn<\/a> pour les derniers titres<\/p>\n<p class=\"story-body-text\" data-para-word-count=\"37\">&#8220;A l&#8217;issue de cette rencontre, les jeunes auront une meilleure connaissance des dispositifs et opportunit\u00e9s offerts par les institutions pr\u00e9sentes, \u00e0 travers des \u00e9changes directs et constructifs entre eux et les structures d&#8217;accompagnement&#8221;, a soutenu M. Ba.<\/p>\n<p class=\"story-body-text\" data-para-word-count=\"19\">Ces produits des jeunes sont valoris\u00e9s \u00e0 travers une mini-foire et des ventes directes durant ce fora rural invest.<\/p>\n<p class=\"story-body-text\" data-para-word-count=\"47\">Des contacts commerciaux sont \u00e9tablis et des d\u00e9marches de contractualisation entam\u00e9es, une feuille de route de suivi et d&#8217;accompagnement \u00e9labor\u00e9e et valid\u00e9e par les parties prenantes avec la mise en place d&#8217;un comit\u00e9 de suivi endog\u00e8ne et renforc\u00e9 dans son r\u00f4le de facilitation et d&#8217;accompagnement des jeunes.<\/p>\n<p class=\"story-body-text\" data-para-word-count=\"44\">Pour sa part, Binetou Gu\u00e8ye, membre de la Cellule appui-technique du CNCR a rappel\u00e9 que ce projet &#8220;Salouma&#8221; du Programme alimentaire mondial (PAM) est d\u00e9di\u00e9 &#8220;\u00e0 100%&#8221; aux jeunes et aux femmes, cherchant \u00e0 renforcer leurs capacit\u00e9s dans les diff\u00e9rentes activit\u00e9s agrosylvopastorales et halieutiques.<\/p>\n<p class=\"story-body-text\" data-para-word-count=\"21\">&#8220;Elabor\u00e9 pour une dur\u00e9e de trois ans, ce projet ambitionne d&#8217;enr\u00f4ler 22 000 jeunes dans leurs diff\u00e9rentes activit\u00e9s&#8221;, a-t-elle fait savoir.<\/p>\n<p class=\"story-body-text\" data-para-word-count=\"34\">Le S\u00e9n\u00e9gal, \u00e0 l&#8217;instar de nombreux pays d&#8217;Afrique de l&#8217;Ouest, fait face \u00e0 des d\u00e9fis structurels li\u00e9s \u00e0 l&#8217;emploi des jeunes, particuli\u00e8rement en milieu rural, souligne un document du CRCR remis \u00e0 la presse.<\/p>\n<p class=\"story-body-text\" data-para-word-count=\"39\">Malgr\u00e9 l&#8217;existence de multiples initiatives publiques et priv\u00e9es visant \u00e0 promouvoir l&#8217;entrepreneuriat agricole agroalimentaire et rural, rel\u00e8ve la m\u00eame source, l&#8217;acc\u00e8s effectif des jeunes \u00e0 ces opportunit\u00e9s demeure limit\u00e9&#8221;, explique une note du CRCR dont l&#8217;APS a eu connaissance.<\/p>\n<p class=\"story-body-text\" data-para-word-count=\"42\">Selon le document, cette situation s&#8217;explique notamment par un d\u00e9ficit d&#8217;information, une faible ma\u00eetrise des proc\u00e9dures d&#8217;acc\u00e8s aux dispositifs d&#8217;accompagnement, ainsi qu&#8217;un manque de mise en relation directe entre les jeunes entrepreneurs ruraux et les institutions d&#8217;appui, de financement et de commercialisation.<\/p>\n","protected":false},"excerpt":{"rendered":"Kaolack \u2014 Le Conseil r\u00e9gional de concertation et de coop\u00e9ration des ruraux (CRCR) a lanc\u00e9, vendredi, le &#8220;Fora&hellip;\n","protected":false},"author":2,"featured_media":198,"comment_status":"","ping_status":"","sticky":false,"template":"","format":"standard","meta":{"footnotes":""},"categories":[48],"tags":[63,83,269,265,262,513,96,261,159,264,263,266,325],"class_list":{"0":"post-373","1":"post","2":"type-post","3":"status-publish","4":"format-standard","5":"has-post-thumbnail","7":"category-senegal","8":"tag-africa","9":"tag-business","10":"tag-business-and-finance","11":"tag-current-events","12":"tag-economy","13":"tag-land-and-rural-issues","14":"tag-news","15":"tag-politics","16":"tag-senegal","17":"tag-sports","18":"tag-trade","19":"tag-travel","20":"tag-west-africa"},"share_on_mastodon":{"url":"","error":""},"_links":{"self":[{"href":"https:\/\/www.europesays.com\/africa\/wp-json\/wp\/v2\/posts\/373","targetHints":{"allow":["GET"]}}],"collection":[{"href":"https:\/\/www.europesays.com\/africa\/wp-json\/wp\/v2\/posts"}],"about":[{"href":"https:\/\/www.europesays.com\/africa\/wp-json\/wp\/v2\/types\/post"}],"author":[{"embeddable":true,"href":"https:\/\/www.europesays.com\/africa\/wp-json\/wp\/v2\/users\/2"}],"replies":[{"embeddable":true,"href":"https:\/\/www.europesays.com\/africa\/wp-json\/wp\/v2\/comments?post=373"}],"version-history":[{"count":0,"href":"https:\/\/www.europesays.com\/africa\/wp-json\/wp\/v2\/posts\/373\/revisions"}],"wp:featuredmedia":[{"embeddable":true,"href":"https:\/\/www.europesays.com\/africa\/wp-json\/wp\/v2\/media\/198"}],"wp:attachment":[{"href":"https:\/\/www.europesays.com\/africa\/wp-json\/wp\/v2\/media?parent=373"}],"wp:term":[{"taxonomy":"category","embeddable":true,"href":"https:\/\/www.europesays.com\/africa\/wp-json\/wp\/v2\/categories?post=373"},{"taxonomy":"post_tag","embeddable":true,"href":"https:\/\/www.europesays.com\/africa\/wp-json\/wp\/v2\/tags?post=373"}],"curies":[{"name":"wp","href":"https:\/\/api.w.org\/{rel}","templated":true}]}}