{"id":3745,"date":"2026-01-04T22:23:09","date_gmt":"2026-01-04T22:23:09","guid":{"rendered":"https:\/\/www.europesays.com\/africa\/3745\/"},"modified":"2026-01-04T22:23:09","modified_gmt":"2026-01-04T22:23:09","slug":"can-2025-le-cameroun-remporte-le-choc-contre-lafrique-du-sud-et-se-qualifie-pour-les-quarts-de-finale","status":"publish","type":"post","link":"https:\/\/www.europesays.com\/africa\/3745\/","title":{"rendered":"CAN 2025\u00a0: le Cameroun remporte le choc contre l\u2019Afrique du Sud et se qualifie pour les quarts de finale"},"content":{"rendered":"<p>CAN 2025 (huiti\u00e8me de finale). Cameroun &#8211; Afrique du Sud : 2-1<\/p>\n<p>Le Cameroun des Bretons Arthur Avom et Darlin Yongwa (FC Lorient), Mahamadou Nagida (Stade Rennais) et \u00c9ric-Junior Dina Ebimbe (Stade Brestois) est en quart de finale de la CAN. Les Lions indomptables d\u00e9fieront le Maroc, h\u00f4te et favori de la comp\u00e9tition, apr\u00e8s sa victoire 2-1 sur l\u2019Afrique du Sud en huiti\u00e8mes, ce dimanche 4 janvier \u00e0 Rabat.<\/p>\n<p>C\u2019est d\u2019abord le lat\u00e9ral Junior Tchamadeu, 22 ans, qui a ouvert le score contre le cours du jeu apr\u00e8s une frappe contr\u00e9e de Carlos Baleba derri\u00e8re un corner (1-0, 34e). Puis Christian Kofane, 19 ans, la p\u00e9pite du Bayer Leverkusen, a doubl\u00e9 la mise de la t\u00eate en tout d\u00e9but de seconde p\u00e9riode (2-0, 47e).<\/p>\n<p>Yongwa bless\u00e9, Nagida d\u00e9cisif<\/p>\n<p>Le succ\u00e8s reste entach\u00e9 par la sortie pr\u00e9matur\u00e9e du d\u00e9fenseur Lorientais Darlin Yongwa, <a href=\"https:\/\/www.letelegramme.fr\/sports\/football\/fc-lorient\/le-joueur-du-fc-lorient-darlin-yongwa-blesse-avec-le-cameroun-lors-du-huitieme-de-finale-de-la-can-2025-6957111.php\" target=\"_blank\" rel=\"nofollow noopener\">touch\u00e9 \u00e0 l\u2019ischio gauche<\/a>. Mais son rempla\u00e7ant, le joueur du Stade Rennais, Mahamadou Nagida, a tir\u00e9 son \u00e9pingle du jeu, en d\u00e9livrant un centre parfait pour la passe d\u00e9cisive sur le deuxi\u00e8me but camerounais.<\/p>\n<p>Le Cameroun retrouvera donc le Maroc, vendredi 9 janvier \u00e0 20 h pour un nouveau choc, en quart de finale.<\/p>\n","protected":false},"excerpt":{"rendered":"CAN 2025 (huiti\u00e8me de finale). Cameroun &#8211; Afrique du Sud : 2-1 Le Cameroun des Bretons Arthur Avom&hellip;\n","protected":false},"author":2,"featured_media":3746,"comment_status":"","ping_status":"","sticky":false,"template":"","format":"standard","meta":{"footnotes":""},"categories":[62],"tags":[64,3115,3112,311,264,3113,3114],"class_list":{"0":"post-3745","1":"post","2":"type-post","3":"status-publish","4":"format-standard","5":"has-post-thumbnail","7":"category-afrique","8":"tag-afrique","9":"tag-en-continu-sports","10":"tag-fc-lorient","11":"tag-football","12":"tag-sports","13":"tag-stade-brestois","14":"tag-stade-rennais"},"share_on_mastodon":{"url":"","error":""},"_links":{"self":[{"href":"https:\/\/www.europesays.com\/africa\/wp-json\/wp\/v2\/posts\/3745","targetHints":{"allow":["GET"]}}],"collection":[{"href":"https:\/\/www.europesays.com\/africa\/wp-json\/wp\/v2\/posts"}],"about":[{"href":"https:\/\/www.europesays.com\/africa\/wp-json\/wp\/v2\/types\/post"}],"author":[{"embeddable":true,"href":"https:\/\/www.europesays.com\/africa\/wp-json\/wp\/v2\/users\/2"}],"replies":[{"embeddable":true,"href":"https:\/\/www.europesays.com\/africa\/wp-json\/wp\/v2\/comments?post=3745"}],"version-history":[{"count":0,"href":"https:\/\/www.europesays.com\/africa\/wp-json\/wp\/v2\/posts\/3745\/revisions"}],"wp:featuredmedia":[{"embeddable":true,"href":"https:\/\/www.europesays.com\/africa\/wp-json\/wp\/v2\/media\/3746"}],"wp:attachment":[{"href":"https:\/\/www.europesays.com\/africa\/wp-json\/wp\/v2\/media?parent=3745"}],"wp:term":[{"taxonomy":"category","embeddable":true,"href":"https:\/\/www.europesays.com\/africa\/wp-json\/wp\/v2\/categories?post=3745"},{"taxonomy":"post_tag","embeddable":true,"href":"https:\/\/www.europesays.com\/africa\/wp-json\/wp\/v2\/tags?post=3745"}],"curies":[{"name":"wp","href":"https:\/\/api.w.org\/{rel}","templated":true}]}}