{"id":3797,"date":"2026-01-04T22:54:16","date_gmt":"2026-01-04T22:54:16","guid":{"rendered":"https:\/\/www.europesays.com\/africa\/3797\/"},"modified":"2026-01-04T22:54:16","modified_gmt":"2026-01-04T22:54:16","slug":"le-cameroun-ecarte-lafrique-du-sud-et-rejoint-le-maroc-en-quart-de-finale-2","status":"publish","type":"post","link":"https:\/\/www.europesays.com\/africa\/3797\/","title":{"rendered":"le Cameroun \u00e9carte l&#8217;Afrique du Sud et rejoint le Maroc en quart de finale"},"content":{"rendered":"<p>Le Cameroun s&#8217;est qualifi\u00e9 pour les quarts de finale de la Coupe d&#8217;Afrique des nations 2025 o\u00f9 il affrontera le Maroc, h\u00f4te et favori de la comp\u00e9tition, apr\u00e8s sa victoire 2-1 sur l&#8217;Afrique du Sud en huiti\u00e8mes dimanche \u00e0 Rabat. Arriv\u00e9s la tani\u00e8re sens dessus-dessous au Maroc, les Lions Indomptables montent en puissance au fil du tournoi, \u00e0 l&#8217;image de leur rencontre face aux Bafana Bafana o\u00f9, malmen\u00e9s pendant une mi-temps, ils se sont finalement impos\u00e9s avec autorit\u00e9.<\/p>\n<p>Le Cameroun, cinq fois champion d&#8217;Afrique, qui ne mettait plus un pied devant l&#8217;autre depuis un an et demi \u00e0 cause d&#8217;un conflit ouvert entre le minist\u00e8re des sports et sa star de pr\u00e9sident de la F\u00e9d\u00e9ration Samuel Eto&#8217;o, a d\u00e9barqu\u00e9 dans le tournoi sur la pointe des pieds, sans aucune certitude. Habitu\u00e9 \u00e0 briller dans la difficult\u00e9, le voil\u00e0 en quarts de finale de la CAN. Il le doit beaucoup son renouveau \u00e0 David Pagou, son s\u00e9lectionneur, intronis\u00e9 vingt jours seulement avant le d\u00e9but de la comp\u00e9tition en remplacement du Belge Marc Brys, dont il \u00e9tait l&#8217;adjoint.<\/p>\n<p>Pagou, homme de l&#8217;ombre et de confiance d&#8217;Eto&#8217;o, fils de militaire, a fait le m\u00e9nage dans la tani\u00e8re et demand\u00e9 \u00e0 ses joueurs de se comporter en soldats durant le tournoi. Il s&#8217;est appuy\u00e9 pour cela sur une tr\u00e8s jeune ossature faite de joueurs prometteurs au service du collectif plut\u00f4t que sur des talents confirm\u00e9s, tous laiss\u00e9s de c\u00f4t\u00e9. Ce sont d&#8217;ailleurs deux de ses jeunes pousses qui ont marqu\u00e9 face \u00e0 l&#8217;Afrique du Sud.<\/p>\n<p>  Les jeunes font le job<\/p>\n<p>C&#8217;est d&#8217;abord le lat\u00e9ral Junior Tchamadeu, 22 ans, boud\u00e9 par Marc Brys et revenu en gr\u00e2ce avec Pagou, qui a ouvert le score contre le cours du jeu apr\u00e8s une frappe contr\u00e9e de Carlos Baleba derri\u00e8re un corner (1-0, 34e). Puis Christian Kofane, 19 ans, la p\u00e9pite du Bayer Leverkusen qui brille en Bundesliga mais ne comptait aucune s\u00e9lection avec les Lions avant la CAN, a doubl\u00e9 la mise de la t\u00eate en tout d\u00e9but de seconde p\u00e9riode apr\u00e8s un centre parfait de Mahamadou Nagida, rentr\u00e9 en jeu lors du premier acte \u00e0 la place du Lorientais Darlin Yongwa, bless\u00e9 (2-0, 47e).<\/p>\n<p>Apr\u00e8s la jeunesse des buteurs, c&#8217;est l&#8217;exp\u00e9rience de leur gardien du but D\u00e9vis Epassy, seul trentenaire de l&#8217;\u00e9quipe au coup d&#8217;envoi, qui a repouss\u00e9 par deux fois les assauts sud-africains (62e, 69e). Epassy, 32 ans, n&#8217;a rien pu en revanche en toute fin de match lorsque Evidence Makgopa a repris \u00e0 bout portant un centre d&#8217;Aubrey Modiba (2-1, 88e). Mais il \u00e9tait trop tard pour les Sud-Africains.<\/p>\n<p>Hugo Broos, leur s\u00e9lectionneur, ne remportera pas une seconde CAN dans sa carri\u00e8re. Il avait remport\u00e9 la Coupe d&#8217;Afrique en 2017 en dirigeant&#8230; le Cameroun, \u00e0 la t\u00eate d&#8217;une \u00e9quipe sans aucune certitude avant la comp\u00e9tition, leur dernier titre \u00e0 ce jour. La ressemblance entre les parcours de ces deux groupes, celui de 2017 et celui de 2025, fait d\u00e9sormais na\u00eetre d&#8217;\u00e9normes espoirs aux bouillants supporters camerounais, pr\u00eats \u00e0 encenser ce qu&#8217;ils br\u00fblaient il y a encore quelques jours.<\/p>\n<p>Vendredi en quarts de finale \u00e0 Rabat, les Lions Indomptables se pr\u00e9senteront comme de s\u00e9rieux outsider face au Maroc, grand favori de la comp\u00e9tition mais <a href=\"https:\/\/www.republicain-lorrain.fr\/sport\/2026\/01\/04\/le-maroc-qualifie-pour-les-quarts-de-sa-can-grace-a-l-irresistible-brahim-diaz\" target=\"_blank\" rel=\"nofollow noopener\">difficile vainqueur de la Tanzanie 1-0<\/a>, plus t\u00f4t dans la journ\u00e9e.<\/p>\n","protected":false},"excerpt":{"rendered":"Le Cameroun s&#8217;est qualifi\u00e9 pour les quarts de finale de la Coupe d&#8217;Afrique des nations 2025 o\u00f9 il&hellip;\n","protected":false},"author":2,"featured_media":3642,"comment_status":"","ping_status":"","sticky":false,"template":"","format":"standard","meta":{"footnotes":""},"categories":[62],"tags":[64,295,311,310,3062],"class_list":{"0":"post-3797","1":"post","2":"type-post","3":"status-publish","4":"format-standard","5":"has-post-thumbnail","7":"category-afrique","8":"tag-afrique","9":"tag-fil-info","10":"tag-football","11":"tag-sport","12":"tag-sport-national"},"share_on_mastodon":{"url":"","error":""},"_links":{"self":[{"href":"https:\/\/www.europesays.com\/africa\/wp-json\/wp\/v2\/posts\/3797","targetHints":{"allow":["GET"]}}],"collection":[{"href":"https:\/\/www.europesays.com\/africa\/wp-json\/wp\/v2\/posts"}],"about":[{"href":"https:\/\/www.europesays.com\/africa\/wp-json\/wp\/v2\/types\/post"}],"author":[{"embeddable":true,"href":"https:\/\/www.europesays.com\/africa\/wp-json\/wp\/v2\/users\/2"}],"replies":[{"embeddable":true,"href":"https:\/\/www.europesays.com\/africa\/wp-json\/wp\/v2\/comments?post=3797"}],"version-history":[{"count":0,"href":"https:\/\/www.europesays.com\/africa\/wp-json\/wp\/v2\/posts\/3797\/revisions"}],"wp:featuredmedia":[{"embeddable":true,"href":"https:\/\/www.europesays.com\/africa\/wp-json\/wp\/v2\/media\/3642"}],"wp:attachment":[{"href":"https:\/\/www.europesays.com\/africa\/wp-json\/wp\/v2\/media?parent=3797"}],"wp:term":[{"taxonomy":"category","embeddable":true,"href":"https:\/\/www.europesays.com\/africa\/wp-json\/wp\/v2\/categories?post=3797"},{"taxonomy":"post_tag","embeddable":true,"href":"https:\/\/www.europesays.com\/africa\/wp-json\/wp\/v2\/tags?post=3797"}],"curies":[{"name":"wp","href":"https:\/\/api.w.org\/{rel}","templated":true}]}}