{"id":3852,"date":"2026-01-04T23:26:12","date_gmt":"2026-01-04T23:26:12","guid":{"rendered":"https:\/\/www.europesays.com\/africa\/3852\/"},"modified":"2026-01-04T23:26:12","modified_gmt":"2026-01-04T23:26:12","slug":"les-autorites-a-lepreuve-decisive-du-troisieme-cycle-devaluation-du-gafi-mena","status":"publish","type":"post","link":"https:\/\/www.europesays.com\/africa\/3852\/","title":{"rendered":"Les autorit\u00e9s \u00e0 l\u2019\u00e9preuve d\u00e9cisive du troisi\u00e8me cycle d\u2019\u00e9valuation du GAFI-MENA"},"content":{"rendered":"<p class=\"default__StyledText-sc-10mj2vp-0 CxBBS body-paragraph\">Les diff\u00e9rentes administrations et institutions financi\u00e8res sont actuellement en \u00e9tat de mobilisation maximale en pr\u00e9vision de la mission d\u2019\u00e9valuation que m\u00e8nera le Groupe d\u2019action financi\u00e8re pour le Moyen-Orient et l\u2019Afrique du Nord (GAFI-MENA), dans le cadre du troisi\u00e8me cycle d\u2019\u00e9valuation mutuelle du dispositif national de lutte contre le blanchiment des capitaux et le financement du terrorisme. Cette \u00e9ch\u00e9ance est per\u00e7ue comme strat\u00e9gique par les autorit\u00e9s, tant pour la cr\u00e9dibilit\u00e9 du pays sur la sc\u00e8ne financi\u00e8re internationale que pour la consolidation des r\u00e9formes engag\u00e9es ces derni\u00e8res ann\u00e9es, indique le quotidien Assabah de ce lundi 5 janvier.<\/p>\n<p class=\"default__StyledText-sc-10mj2vp-0 CxBBS body-paragraph\">D\u2019apr\u00e8s le quotidien, l\u2019Autorit\u00e9 nationale du renseignement financier a lanc\u00e9 un plan d\u2019action anticipatif et global visant \u00e0 pr\u00e9parer de mani\u00e8re rigoureuse cette troisi\u00e8me \u00e9valuation, \u00e0 laquelle le Maroc sera soumis \u00e0 partir de novembre 2026. Ce plan repose sur une coordination \u00e9troite entre les diff\u00e9rents d\u00e9partements minist\u00e9riels, les autorit\u00e9s de r\u00e9gulation, les institutions judiciaires et les acteurs financiers concern\u00e9s.<\/p>\n<p class=\"default__StyledText-sc-10mj2vp-0 CxBBS body-paragraph\">L\u2019Autorit\u00e9 met en avant les mesures entreprises pour renforcer le cadre juridique national, notamment \u00e0 travers l\u2019\u00e9laboration de plusieurs projets de loi en concertation avec les secteurs concern\u00e9s. Parmi les textes phares figure un projet de r\u00e9forme globale de la loi n\u00b0 43.05 relative \u00e0 la lutte contre le blanchiment des capitaux, ainsi qu\u2019un projet de loi encadrant les actifs num\u00e9riques et les cryptoactifs, un domaine devenu central dans les nouvelles normes internationales.<\/p>\n<p class=\"default__StyledText-sc-10mj2vp-0 CxBBS body-paragraph\">Cette dynamique s\u2019est mat\u00e9rialis\u00e9e par la visite, fin novembre dernier, d\u2019une d\u00e9l\u00e9gation de haut niveau du GAFI-MENA au Maroc. La d\u00e9l\u00e9gation a \u00e9t\u00e9 re\u00e7ue par le chef du gouvernement, Aziz Akhannouch, en pr\u00e9sence de plusieurs ministres ainsi que des responsables et dirigeants des institutions nationales concern\u00e9es. Cette visite a marqu\u00e9 le lancement officiel de la troisi\u00e8me \u00e9valuation mutuelle du dispositif marocain, un processus qui s\u2019\u00e9tendra jusqu\u2019en mai 2028, date pr\u00e9vue pour la discussion et l\u2019adoption du rapport final, a-t-on pu lire dans Assabah.<\/p>\n<p class=\"default__StyledText-sc-10mj2vp-0 CxBBS body-paragraph\">Lors de cette rencontre, le gouvernement a r\u00e9affirm\u00e9 son engagement politique ferme en faveur du respect des standards internationaux \u00e9dict\u00e9s par le Groupe d\u2019action financi\u00e8re. Les autorit\u00e9s ont \u00e9galement soulign\u00e9 l\u2019efficacit\u00e9 du dispositif national, la qualit\u00e9 de la coordination inter-institutionnelle, ainsi que les efforts l\u00e9gislatifs, r\u00e9glementaires et institutionnels consentis au cours des derni\u00e8res ann\u00e9es pour renforcer la lutte contre les crimes financiers.<\/p>\n<p class=\"default__StyledText-sc-10mj2vp-0 CxBBS body-paragraph\">En tant que membre fondateur du GAFI pour la r\u00e9gion Moyen-Orient et Afrique du Nord, le Maroc est soumis, conform\u00e9ment aux r\u00e8gles de l\u2019organisation, aux \u00e9valuations mutuelles p\u00e9riodiques de son syst\u00e8me national. \u00c0 ce titre, le secr\u00e9tariat du groupe est r\u00e9guli\u00e8rement inform\u00e9 des avanc\u00e9es r\u00e9alis\u00e9es par les autorit\u00e9s marocaines, tant en mati\u00e8re de conformit\u00e9 technique aux recommandations internationales que d\u2019am\u00e9lioration de l\u2019efficacit\u00e9 op\u00e9rationnelle du dispositif.<\/p>\n<p class=\"default__StyledText-sc-10mj2vp-0 CxBBS body-paragraph\">L\u2019\u00e9valuation \u00e0 venir portera sur l\u2019ensemble du syst\u00e8me national de lutte contre le blanchiment des capitaux, le financement du terrorisme et la prolif\u00e9ration des armes. Elle sera men\u00e9e sur la base des proc\u00e9dures propres au troisi\u00e8me cycle d\u2019\u00e9valuation, en s\u2019appuyant sur les quarante recommandations du GAFI, leurs notes interpr\u00e9tatives ainsi que sur la m\u00e9thodologie d\u2019\u00e9valuation actualis\u00e9e. Il est \u00e0 noter que ces recommandations ont fait l\u2019objet de r\u00e9visions substantielles ces derni\u00e8res ann\u00e9es, avec la modification de plus de onze recommandations, de plusieurs notes explicatives et de la terminologie de r\u00e9f\u00e9rence, afin de refl\u00e9ter les nouvelles orientations strat\u00e9giques du GAFI.<\/p>\n<p class=\"default__StyledText-sc-10mj2vp-0 CxBBS body-paragraph\">Les autorit\u00e9s marocaines accordent une importance particuli\u00e8re \u00e0 cette \u00e9tape, consid\u00e9r\u00e9e comme d\u00e9cisive pour la consolidation des acquis et le renforcement durable du dispositif national, a soulign\u00e9 Assabah. La pr\u00e9paration de cette \u00e9valuation implique une adaptation constante aux \u00e9volutions des normes internationales, ainsi qu\u2019une attention accrue aux aspects sur lesquels l\u2019accent sera mis, notamment l\u2019efficacit\u00e9 r\u00e9elle des m\u00e9canismes de pr\u00e9vention, de d\u00e9tection et de r\u00e9pression des infractions financi\u00e8res.<\/p>\n<p class=\"default__StyledText-sc-10mj2vp-0 CxBBS body-paragraph\">Cette vigilance s\u2019inscrit dans la continuit\u00e9 des efforts ayant permis au Maroc de sortir de la liste grise du GAFI en f\u00e9vrier 2023, \u00e0 l\u2019issue de la r\u00e9union pl\u00e9ni\u00e8re tenue \u00e0 Paris. Cette d\u00e9cision faisait suite \u00e0 la mise en \u0153uvre du plan d\u2019action adopt\u00e9 en f\u00e9vrier 2021 et \u00e0 une s\u00e9rie de r\u00e9formes ayant renforc\u00e9 l\u2019arsenal juridique et institutionnel du pays. La deuxi\u00e8me \u00e9valuation, bas\u00e9e sur les standards r\u00e9vis\u00e9s de 2012, avait d\u00e9j\u00e0 mis en \u00e9vidence des avanc\u00e9es significatives, tant sur le plan de la conformit\u00e9 technique que sur celui de l\u2019efficacit\u00e9 globale du dispositif, refl\u00e9tant l\u2019engagement du Maroc dans la lutte contre le blanchiment des capitaux et le financement du terrorisme, aux niveaux national et international.<\/p>\n","protected":false},"excerpt":{"rendered":"Les diff\u00e9rentes administrations et institutions financi\u00e8res sont actuellement en \u00e9tat de mobilisation maximale en pr\u00e9vision de la mission&hellip;\n","protected":false},"author":2,"featured_media":3853,"comment_status":"","ping_status":"","sticky":false,"template":"","format":"standard","meta":{"footnotes":""},"categories":[41],"tags":[3179,3180,3177,158,3178,3181],"class_list":{"0":"post-3852","1":"post","2":"type-post","3":"status-publish","4":"format-standard","5":"has-post-thumbnail","7":"category-maroc","8":"tag-afrique-du-nord","9":"tag-blanchiment-des-capitaux","10":"tag-gafi","11":"tag-maroc","12":"tag-moyen-orient","13":"tag-terrorisme"},"share_on_mastodon":{"url":"","error":""},"_links":{"self":[{"href":"https:\/\/www.europesays.com\/africa\/wp-json\/wp\/v2\/posts\/3852","targetHints":{"allow":["GET"]}}],"collection":[{"href":"https:\/\/www.europesays.com\/africa\/wp-json\/wp\/v2\/posts"}],"about":[{"href":"https:\/\/www.europesays.com\/africa\/wp-json\/wp\/v2\/types\/post"}],"author":[{"embeddable":true,"href":"https:\/\/www.europesays.com\/africa\/wp-json\/wp\/v2\/users\/2"}],"replies":[{"embeddable":true,"href":"https:\/\/www.europesays.com\/africa\/wp-json\/wp\/v2\/comments?post=3852"}],"version-history":[{"count":0,"href":"https:\/\/www.europesays.com\/africa\/wp-json\/wp\/v2\/posts\/3852\/revisions"}],"wp:featuredmedia":[{"embeddable":true,"href":"https:\/\/www.europesays.com\/africa\/wp-json\/wp\/v2\/media\/3853"}],"wp:attachment":[{"href":"https:\/\/www.europesays.com\/africa\/wp-json\/wp\/v2\/media?parent=3852"}],"wp:term":[{"taxonomy":"category","embeddable":true,"href":"https:\/\/www.europesays.com\/africa\/wp-json\/wp\/v2\/categories?post=3852"},{"taxonomy":"post_tag","embeddable":true,"href":"https:\/\/www.europesays.com\/africa\/wp-json\/wp\/v2\/tags?post=3852"}],"curies":[{"name":"wp","href":"https:\/\/api.w.org\/{rel}","templated":true}]}}