{"id":38534,"date":"2026-01-22T08:49:08","date_gmt":"2026-01-22T08:49:08","guid":{"rendered":"https:\/\/www.europesays.com\/africa\/38534\/"},"modified":"2026-01-22T08:49:08","modified_gmt":"2026-01-22T08:49:08","slug":"ethan-mbappe-et-elyaz-zidane-pressentis","status":"publish","type":"post","link":"https:\/\/www.europesays.com\/africa\/38534\/","title":{"rendered":"Ethan Mbapp\u00e9 et Elyaz Zidane pressentis"},"content":{"rendered":"<p style=\"text-align: justify;\" data-start=\"77\" data-end=\"438\">\u00c0 deux mois du prochain rassemblement, l\u2019\u00e9quipe d\u2019Alg\u00e9rie s\u2019appr\u00eate \u00e0 lancer officiellement sa pr\u00e9paration en vue de la Coupe du monde 2026, pr\u00e9vue l\u2019\u00e9t\u00e9 prochain aux \u00c9tats-Unis, au Canada et au Mexique. Ce stage de mars, dont le lieu et les adversaires restent \u00e0 d\u00e9finir, devrait \u00eatre marqu\u00e9 par l\u2019int\u00e9gration de nouveaux visages au sein du groupe des Fennecs.<\/p>\n<p style=\"text-align: justify;\" data-start=\"440\" data-end=\"912\">Selon les derni\u00e8res informations, la F\u00e9d\u00e9ration alg\u00e9rienne de football est en passe de finaliser l\u2019arriv\u00e9e de deux jeunes talents tr\u00e8s m\u00e9diatis\u00e9s : Ethan Mbapp\u00e9 et Elyaz Zidane. L\u2019ailier droit du LOSC Lille, \u00e2g\u00e9 de 19 ans, ainsi que le d\u00e9fenseur de 20 ans \u00e9voluant avec l\u2019\u00e9quipe B du Real Betis, figurent parmi les joueurs susceptibles d\u2019\u00eatre convoqu\u00e9s\u00a0lors de ce rassemblement. Le s\u00e9lectionneur aura toutefois le dernier mot concernant leur pr\u00e9sence lors du stage de mars.<\/p>\n<p style=\"text-align: justify;\" data-start=\"914\" data-end=\"1461\">L\u2019option Ethan Mbapp\u00e9 est \u00e9voqu\u00e9e depuis plusieurs mois. La FAF souhaite renforcer la concurrence sur le c\u00f4t\u00e9 droit et anticiper l\u2019apr\u00e8s-Riyad Mahrez, qui a officiellement annonc\u00e9 qu\u2019il mettra un terme \u00e0 sa carri\u00e8re internationale apr\u00e8s le Mondial. Le fr\u00e8re cadet de Kylian Mbapp\u00e9 est \u00e9ligible pour l\u2019Alg\u00e9rie, n\u2019ayant jamais port\u00e9 le maillot d\u2019une s\u00e9lection nationale chez les jeunes. La situation est diff\u00e9rente pour Elyaz Zidane, fr\u00e8re du portier international alg\u00e9rien Luca Zidane, pass\u00e9 par les \u00e9quipes de jeunes de la France, et qui devra obtenir l\u2019aval de la FIFA pour valider son changement de nationalit\u00e9 sportive.<\/p>\n<p style=\"text-align: justify;\" data-start=\"914\" data-end=\"1461\">\n<p>Maxime Lopez \u00e9galement dans le viseur<\/p>\n<p style=\"text-align: justify;\" data-start=\"1506\" data-end=\"1957\">Un autre nom circule avec insistance : Maxime Lopez. Le milieu de terrain du Paris FC, \u00e2g\u00e9 de 28 ans, <a href=\"https:\/\/lagazettedufennec.com\/maxime-lopez-si-on-fait-appel-a-moi-en-equipe-dalgerie-jirai\/\" rel=\"nofollow noopener\" target=\"_blank\">a derni\u00e8rement exprim\u00e9 son d\u00e9sir de repr\u00e9senter l\u2019Alg\u00e9rie<\/a>. Une prise de position qui n\u2019a pas laiss\u00e9 la FAF indiff\u00e9rente. Des discussions sont en cours et pourraient rapidement s\u2019acc\u00e9l\u00e9rer afin de permettre sa pr\u00e9sence d\u00e8s le mois de mars. Pass\u00e9 par les s\u00e9lections fran\u00e7aises U19 et Espoirs, Maxime Lopez devra lui aussi changer de nationalit\u00e9 sportive.<\/p>\n<p style=\"text-align: justify;\" data-start=\"1959\" data-end=\"2180\" data-is-last-node=\"\" data-is-only-node=\"\">Enfin, ces trois profils pourraient ne pas \u00eatre les seuls renforts attendus avant la Coupe du monde. D\u2019autres pistes sont \u00e0 l\u2019\u00e9tude, et les prochaines semaines devraient apporter davantage de clart\u00e9 sur les choix \u00e0 venir.<\/p>\n<p>LIRE EGALEMENT : <a href=\"https:\/\/lagazettedufennec.com\/mondial-2026-amicaux-de-mars-lidentite-des-potentiels-adversaires-des-verts-connue\/\" rel=\"nofollow noopener\" target=\"_blank\">Mondial 2026 \/ Amicaux de mars : L\u2019identit\u00e9 des potentiels adversaires des Verts connue<\/a><\/p>\n","protected":false},"excerpt":{"rendered":"\u00c0 deux mois du prochain rassemblement, l\u2019\u00e9quipe d\u2019Alg\u00e9rie s\u2019appr\u00eate \u00e0 lancer officiellement sa pr\u00e9paration en vue de la&hellip;\n","protected":false},"author":2,"featured_media":38535,"comment_status":"","ping_status":"","sticky":false,"template":"","format":"standard","meta":{"footnotes":""},"categories":[254],"tags":[255,22809,22810,22811,2853,22812,22813,22814,22445,22815,22816],"class_list":{"0":"post-38534","1":"post","2":"type-post","3":"status-publish","4":"format-standard","5":"has-post-thumbnail","7":"category-algerie","8":"tag-algerie","9":"tag-elyaz-zidane","10":"tag-elyaz-zidane-algu00e9rie","11":"tag-elyaz-zidane-faf","12":"tag-equipe-dalgu00e9rie","13":"tag-ethan-mbappu00e9","14":"tag-ethan-mbappu00e9-algu00e9rie","15":"tag-ethan-mbappu00e9-faf","16":"tag-maxime-lopez","17":"tag-maxime-lopez-algu00e9rie","18":"tag-maxime-lopez-faf"},"share_on_mastodon":{"url":"","error":""},"_links":{"self":[{"href":"https:\/\/www.europesays.com\/africa\/wp-json\/wp\/v2\/posts\/38534","targetHints":{"allow":["GET"]}}],"collection":[{"href":"https:\/\/www.europesays.com\/africa\/wp-json\/wp\/v2\/posts"}],"about":[{"href":"https:\/\/www.europesays.com\/africa\/wp-json\/wp\/v2\/types\/post"}],"author":[{"embeddable":true,"href":"https:\/\/www.europesays.com\/africa\/wp-json\/wp\/v2\/users\/2"}],"replies":[{"embeddable":true,"href":"https:\/\/www.europesays.com\/africa\/wp-json\/wp\/v2\/comments?post=38534"}],"version-history":[{"count":0,"href":"https:\/\/www.europesays.com\/africa\/wp-json\/wp\/v2\/posts\/38534\/revisions"}],"wp:featuredmedia":[{"embeddable":true,"href":"https:\/\/www.europesays.com\/africa\/wp-json\/wp\/v2\/media\/38535"}],"wp:attachment":[{"href":"https:\/\/www.europesays.com\/africa\/wp-json\/wp\/v2\/media?parent=38534"}],"wp:term":[{"taxonomy":"category","embeddable":true,"href":"https:\/\/www.europesays.com\/africa\/wp-json\/wp\/v2\/categories?post=38534"},{"taxonomy":"post_tag","embeddable":true,"href":"https:\/\/www.europesays.com\/africa\/wp-json\/wp\/v2\/tags?post=38534"}],"curies":[{"name":"wp","href":"https:\/\/api.w.org\/{rel}","templated":true}]}}