{"id":3870,"date":"2026-01-04T23:36:17","date_gmt":"2026-01-04T23:36:17","guid":{"rendered":"https:\/\/www.europesays.com\/africa\/3870\/"},"modified":"2026-01-04T23:36:17","modified_gmt":"2026-01-04T23:36:17","slug":"le-cameroun-remporte-un-joli-combat-face-a-lafrique-du-sud-can-2025-8es-afrique-du-sud-cameroun-1-2","status":"publish","type":"post","link":"https:\/\/www.europesays.com\/africa\/3870\/","title":{"rendered":"Le Cameroun remporte un joli combat face \u00e0 l\u2019Afrique du Sud &#8211; CAN 2025 &#8211; 8es &#8211; Afrique du Sud-Cameroun (1-2)"},"content":{"rendered":"<p>\t\t\t\u00a0<img decoding=\"async\" loading=\"lazy\" class=\"blason blason-grand\" src=\"https:\/\/www.europesays.com\/africa\/wp-content\/uploads\/2026\/01\/afrique-du-sud.jpg\"\/> Afrique du Sud 1-2 Cameroun <img decoding=\"async\" loading=\"lazy\" class=\"blason blason-grand\" src=\"https:\/\/www.europesays.com\/africa\/wp-content\/uploads\/2026\/01\/cameroun.jpg\"\/><\/p>\n<p>Buts : Makgopa (88e) pour les Bafana Bafana \/\/ Tchamadeu (34e) et Kofane (47e) pour les Lions indomptables<\/p>\n<p>Une sacr\u00e9e bagarre.<\/p>\n<p>Parfois malmen\u00e9 par l\u2019Afrique du Sud, le Cameroun s\u2019est montr\u00e9 plus efficace pour sortir vainqueur du duel et se qualifier pour les quarts de finale de la CAN (1-2). Ce sont pourtant les Bafana Bafana qui ont d\u00e9marr\u00e9 fort et qui ont pris le jeu \u00e0 leur compte pour faire souffrir la d\u00e9fense adverse. Lyle Foster a m\u00eame cru donner l\u2019avantage aux siens, avant d\u2019\u00eatre finalement signal\u00e9 en position de hors-jeu. Et puis, alors qu\u2019il n\u2019avait rien montr\u00e9 jusque-l\u00e0, le Cameroun a finalement pris l\u2019avantage : apr\u00e8s un corner repouss\u00e9 plein axe, la frappe de Carlos Baleba a \u00e9t\u00e9 d\u00e9vi\u00e9e dans les pieds d\u2019un Junior Tchamadeu qui n\u2019en demandait pas tant (0-1, 34e).<\/p>\n<p>Kofane et Epassy en h\u00e9ros<\/p>\n<p>Un but d\u2019avance, puis deux : au retour des vestiaires, Christian Kofana a propuls\u00e9 de la t\u00eate le centre du Rennais Mahamadou Nagida au fond des filets pour faire rugir encore un peu plus fort les supporters camerounais ayant fait le d\u00e9placement jusqu\u2019\u00e0 Rabat (0-2, 47e). De quoi rendre le match compl\u00e8tement fou. Dos au mur, les Sud-africains ont en effet multipli\u00e9 les tentatives, mais Devis Epassy a encha\u00een\u00e9 les parades dans son but. En contre, Bryan Mbeumo ou Arthur Evom ont manqu\u00e9 le K.O, restant sous la menace jusqu\u2019au bout\u2026 finalement concr\u00e9tis\u00e9e par Evidence Makgopa (1-2, 88e). Trop tard. Bien loin <a target=\"_blank\" href=\"https:\/\/www.sofoot.com\/breves\/bien-quecarte-du-cameroun-marc-brys-ne-lache-pas-laffaire-et-devoile-sa-propre-liste-pour-la-can\" rel=\"noopener nofollow\">des turbulences qui ont \u00e9maill\u00e9 sa pr\u00e9paration<\/a>, le Cameroun a d\u00e9sormais rendez-vous avec le Maroc en quarts de finale.<\/p>\n<p>Combat de Lions en perspective.<\/p>\n<p>\t\t\t\t\t\t\t\t\t\t<a class=\"lien-connexe\" href=\"https:\/\/www.sofoot.com\/articles\/david-pagou-le-nouveau-dompteur\" rel=\"nofollow noopener\" target=\"_blank\">David Pagou, le nouveau dompteur<\/a>\t\t\t\t\t<\/p>\n","protected":false},"excerpt":{"rendered":"\u00a0 Afrique du Sud 1-2 Cameroun Buts : Makgopa (88e) pour les Bafana Bafana \/\/ Tchamadeu (34e) et&hellip;\n","protected":false},"author":2,"featured_media":3871,"comment_status":"","ping_status":"","sticky":false,"template":"","format":"standard","meta":{"footnotes":""},"categories":[62],"tags":[1213,1211,64,1219,1215,1214,311,1218,1216,1212,1080,1217],"class_list":{"0":"post-3870","1":"post","2":"type-post","3":"status-publish","4":"format-standard","5":"has-post-thumbnail","7":"category-afrique","8":"tag-actualite","9":"tag-actus-football","10":"tag-afrique","11":"tag-bundesliga","12":"tag-championnats-europeens","13":"tag-equipe-de-france","14":"tag-football","15":"tag-ligua","16":"tag-ligue-1","17":"tag-news-foot","18":"tag-premier-league","19":"tag-serie-a"},"share_on_mastodon":{"url":"","error":""},"_links":{"self":[{"href":"https:\/\/www.europesays.com\/africa\/wp-json\/wp\/v2\/posts\/3870","targetHints":{"allow":["GET"]}}],"collection":[{"href":"https:\/\/www.europesays.com\/africa\/wp-json\/wp\/v2\/posts"}],"about":[{"href":"https:\/\/www.europesays.com\/africa\/wp-json\/wp\/v2\/types\/post"}],"author":[{"embeddable":true,"href":"https:\/\/www.europesays.com\/africa\/wp-json\/wp\/v2\/users\/2"}],"replies":[{"embeddable":true,"href":"https:\/\/www.europesays.com\/africa\/wp-json\/wp\/v2\/comments?post=3870"}],"version-history":[{"count":0,"href":"https:\/\/www.europesays.com\/africa\/wp-json\/wp\/v2\/posts\/3870\/revisions"}],"wp:featuredmedia":[{"embeddable":true,"href":"https:\/\/www.europesays.com\/africa\/wp-json\/wp\/v2\/media\/3871"}],"wp:attachment":[{"href":"https:\/\/www.europesays.com\/africa\/wp-json\/wp\/v2\/media?parent=3870"}],"wp:term":[{"taxonomy":"category","embeddable":true,"href":"https:\/\/www.europesays.com\/africa\/wp-json\/wp\/v2\/categories?post=3870"},{"taxonomy":"post_tag","embeddable":true,"href":"https:\/\/www.europesays.com\/africa\/wp-json\/wp\/v2\/tags?post=3870"}],"curies":[{"name":"wp","href":"https:\/\/api.w.org\/{rel}","templated":true}]}}