{"id":3874,"date":"2026-01-04T23:38:14","date_gmt":"2026-01-04T23:38:14","guid":{"rendered":"https:\/\/www.europesays.com\/africa\/3874\/"},"modified":"2026-01-04T23:38:14","modified_gmt":"2026-01-04T23:38:14","slug":"pourquoi-tebboune-ne-reagit-pas-a-la-chute-de-nicolas-maduro-son-allie-intime","status":"publish","type":"post","link":"https:\/\/www.europesays.com\/africa\/3874\/","title":{"rendered":"Pourquoi Tebboune ne r\u00e9agit pas \u00e0 la chute de Nicolas Maduro, son alli\u00e9 intime"},"content":{"rendered":"<p class=\"default__StyledText-sc-10mj2vp-0 CxBBS body-paragraph\">La capture spectaculaire, samedi 3 janvier, du chef d\u2019\u00c9tat v\u00e9n\u00e9zu\u00e9lien, en plein palais pr\u00e9sidentiel \u00e0 Caracas, par des unit\u00e9s d\u2019\u00e9lite de l\u2019arm\u00e9e am\u00e9ricaine, et son incarc\u00e9ration le m\u00eame jour au centre p\u00e9nitentiaire de Brooklyn \u00e0 New York, a suscit\u00e9 un concert de r\u00e9actions \u00e0 travers les quatre coins du monde. Qu\u2019il s\u2019agisse de soutien \u00e0 l\u2019op\u00e9ration am\u00e9ricaine ou de sa condamnation par certains pays, alors que d\u2019autres ont exprim\u00e9 un \u00abni, ni\u00bb diplomatique, tous les regards se sont tourn\u00e9s vers Alger.<\/p>\n<p class=\"default__StyledText-sc-10mj2vp-0 CxBBS body-paragraph\">Finalement, le pr\u00e9sident alg\u00e9rien Abdelmadjid Tebboune, s\u2019est fait remarquer, contrairement aux autres anciens partenaires de Maduro, par son mutisme le plus total.<\/p>\n<p class=\"default__StyledText-sc-10mj2vp-0 CxBBS body-paragraph\">Pourtant, Maduro \u00e9tait non seulement l\u2019alli\u00e9 le plus fid\u00e8le de l\u2019Alg\u00e9rie au sein du cartel p\u00e9trolier de l\u2019OPEP, mais il est le chef d\u2019\u00c9tat qui a le plus visit\u00e9 la capitale alg\u00e9rienne, dont il a fait son seul point de chute en Afrique et dans le monde arabe, ainsi qu\u2019une passerelle pour ses tourn\u00e9es en Asie.<\/p>\n<p class=\"default__StyledText-sc-10mj2vp-0 CxBBS body-paragraph\">Durant ses quelque 12 ann\u00e9es au pouvoir (2013-2026), Nicolas Maduro, qui a toujours veill\u00e9 \u00e0 \u00eatre le premier chef d\u2019\u00c9tat \u00e0 t\u00e9l\u00e9phoner \u00e0 Tebboune ou lui envoyer des messages de v\u0153u et de f\u00e9licitations chaque mois de juillet et de novembre, a foul\u00e9 le sol alg\u00e9rien plus d\u2019une douzaine de fois entre 2017 et 2024.<\/p>\n<p class=\"interstitial-link block-margin-bottom\">Lire aussi : <a href=\"https:\/\/fr.le360.ma\/medias\/algerie-venezuela-memes-maux-memes-faux-combats-134693\/\" aria-label=\"Ouvrir un article associ\u00e9\" class=\"default__StyledLink-sc-10mj2vp-1 kkYPzd\" rel=\"nofollow noopener\" target=\"_blank\">Alg\u00e9rie-Venezuela: m\u00eames maux, m\u00eames (faux) combats<\/a><\/p>\n<p class=\"default__StyledText-sc-10mj2vp-0 CxBBS body-paragraph\">Sa plus r\u00e9cente visite remonte au 13 ao\u00fbt 2024, o\u00f9 il \u00e9tait en visite officielle de deux jours \u00e0 Alger. Re\u00e7u en grande pompe par son homologue alg\u00e9rien, Abdelmadjid Tebboune, dans le cadre de cette \u00e9ni\u00e8me visite, dite d\u2019amiti\u00e9 et de travail, d\u2019importants accords \u00e9conomiques ont \u00e9t\u00e9 sign\u00e9s entre les deux pays.<\/p>\n<p class=\"default__StyledText-sc-10mj2vp-0 CxBBS body-paragraph\">Les visites r\u00e9p\u00e9titives de Maduro \u00e0 Alger ont \u00e9t\u00e9 inaugur\u00e9es en 2017, ann\u00e9e au cours de laquelle il a effectu\u00e9 trois visites \u00e0 Alger en l\u2019espace de quatre mois.<\/p>\n<p class=\"default__StyledText-sc-10mj2vp-0 CxBBS body-paragraph\">Le 11 septembre 2017, il fait escale \u00e0 Alger, alors qu\u2019il venait d\u2019assister, en tant que pr\u00e9sident \u00e0 l\u2019\u00e9poque du mouvement des Non-Align\u00e9s, au sommet de la Conf\u00e9rence islamique (OCI) d\u2019Astana, au Kazakhstan. Cette escale qui devait durer quelques petites heures a finalement \u00e9t\u00e9 transform\u00e9e en visite officielle de deux jours \u00e0 la demande des autorit\u00e9s alg\u00e9riennes.<\/p>\n<p class=\"interstitial-link block-margin-bottom\">Lire aussi : <a href=\"https:\/\/fr.le360.ma\/monde\/lalgerie-destination-dexil-du-dictateur-venezuelien-nicolas-maduro-183709\/\" aria-label=\"Ouvrir un article associ\u00e9\" class=\"default__StyledLink-sc-10mj2vp-1 kkYPzd\" rel=\"nofollow noopener\" target=\"_blank\">L&#8217;Alg\u00e9rie, destination d&#8217;exil du dictateur v\u00e9n\u00e9zu\u00e9lien, Nicol\u00e1s Maduro<\/a><\/p>\n<p class=\"default__StyledText-sc-10mj2vp-0 CxBBS body-paragraph\">Le 7 octobre suivant, Maduro fait escale \u00e0 l\u2019a\u00e9roport Houari Boumediene, avant d\u2019y revenir au mois de d\u00e9cembre suivant. Il y fit une escale technique \u00e0 l\u2019aller et au retour. \u00c0 chaque fois, il fut accueilli par le Premier ministre de l\u2019\u00e9poque, Ahmed Ouyahya, Abdelaziz Bouteflika \u00e9tant alors en convalescence.<\/p>\n<p class=\"default__StyledText-sc-10mj2vp-0 CxBBS body-paragraph\">Sous la pr\u00e9sidence de Tebboune, les visites de Maduro \u00e0 Alger se sont multipli\u00e9es. Le 24 d\u00e9cembre 2021, le pr\u00e9sident v\u00e9n\u00e9zu\u00e9lien fait une nouvelle escale technique \u00e0 Alger, au cours de laquelle le Premier ministre Aym\u00e8ne Abderrahmane lui remet un message de Tebboune l\u2019invitant \u00e0 effectuer une visite officielle en Alg\u00e9rie. Celle-ci aura lieu le 9 juillet 2022, et sera sanctionn\u00e9e par la signature d\u2019accords \u00e9conomiques entre les deux pays. Cette premi\u00e8re visite officielle de deux jours, qualifi\u00e9e de visite d\u2019amiti\u00e9 et de travail, a \u00e9t\u00e9 aussi marqu\u00e9e par l\u2019annonce du c\u00f4t\u00e9 alg\u00e9rien de l\u2019imminente ouverture d\u2019une ligne a\u00e9rienne Alger-Caracas.<\/p>\n<p class=\"default__StyledText-sc-10mj2vp-0 CxBBS body-paragraph\">Le 15 juillet 2023, Maduro de retour d\u2019une visite d\u2019\u00c9tat en Chine fait encore escale \u00e0 Alger<\/p>\n<p class=\"default__StyledText-sc-10mj2vp-0 CxBBS body-paragraph\">Le 13 ao\u00fbt 2024, escale technique, transform\u00e9e en visite officielle de 24 heures.<\/p>\n<p class=\"interstitial-link block-margin-bottom\">Lire aussi : <a href=\"https:\/\/fr.le360.ma\/politique\/algerie-iran-et-venezuela-ou-lalliance-satanique-chargee-de-destabiliser-le-maroc-et-le-sahel-267724\/\" aria-label=\"Ouvrir un article associ\u00e9\" class=\"default__StyledLink-sc-10mj2vp-1 kkYPzd\" rel=\"nofollow noopener\" target=\"_blank\">Alg\u00e9rie, Iran et Venezuela ou l\u2019alliance satanique charg\u00e9e de d\u00e9stabiliser le Maroc et le Sahel<\/a><\/p>\n<p class=\"default__StyledText-sc-10mj2vp-0 CxBBS body-paragraph\">Maduro avait donc fait d\u2019Alger un passage incontournable lors de ses visites en Russie, Iran, Chine, ou en Asie de fa\u00e7on g\u00e9n\u00e9rale. Il faut dire que le pr\u00e9sident v\u00e9n\u00e9zu\u00e9lien, qui n\u2019\u00e9tait pas le bienvenu dans de nombreux pays, a profit\u00e9 ainsi de ses affinit\u00e9s avec le r\u00e9gime de Tebboune. <\/p>\n<p class=\"default__StyledText-sc-10mj2vp-0 CxBBS body-paragraph\">En effet, les r\u00e9gimes alg\u00e9rien et v\u00e9n\u00e9zu\u00e9lien de Maduro, alias \u00abSuper Moustache\u00bb, \u00e9taient jusqu\u2019\u00e0 ce samedi 3 janvier assimil\u00e9s \u00e0 des fr\u00e8res siamois, tant leurs ressemblances sont frappantes. Ils constituent \u00e0 cet \u00e9gard deux dictatures sanguinaires, monopolisant sans partage le pouvoir, o\u00f9 ils se maintiennent par la r\u00e9pression et les pratiques mafieuses de corruption, dilapidant \u00e0 tour de bras les immenses richesses p\u00e9tro-gazi\u00e8res de leurs pays. Ils se r\u00e9clament aussi de deux r\u00e9volutions, bolivarienne et alg\u00e9rienne, dont ils ne sont ni les acteurs ni les fid\u00e8les h\u00e9ritiers comme le pr\u00e9tend leur propagande.<\/p>\n<p class=\"default__StyledText-sc-10mj2vp-0 CxBBS body-paragraph\">La chute de Maduro, qui n\u2019est pas la premi\u00e8re du genre en Am\u00e9rique du Sud et centrale, avec des pr\u00e9c\u00e9dents au Chili, au Nicaragua et au Panama surtout, semble terrifier le r\u00e9gime alg\u00e9rien, qui se sent aujourd\u2019hui expos\u00e9 \u00e0 subir le m\u00eame sort que ses alli\u00e9s d\u2019hier, en Syrie, en Iran, au Liban, au Venezuela. <\/p>\n<p class=\"interstitial-link block-margin-bottom\">Lire aussi : <a href=\"https:\/\/fr.le360.ma\/monde\/frappes-sur-le-venezuela-qui-accusent-les-etats-unis-dagression-militaire_NZZNWD7TCNC7LIQLNLTA2TVWU4\/\" aria-label=\"Ouvrir un article associ\u00e9\" class=\"default__StyledLink-sc-10mj2vp-1 kkYPzd\" rel=\"nofollow noopener\" target=\"_blank\">Frappes sur le Venezuela, qui accuse les \u00c9tats-Unis d\u2019\u00abagression militaire\u00bb<\/a><\/p>\n<p class=\"default__StyledText-sc-10mj2vp-0 CxBBS body-paragraph\">Le r\u00e9gime de Maduro \u00e9tait pr\u00e9sent\u00e9 comme une puissance militaire et terrifiait un pays voisin comme la Colombie. Pourtant, la d\u00e9confiture totale de sa d\u00e9fense \u00e0 la fois a\u00e9rienne et terrestre montre clairement que cette puissance militaire \u00e9tait non seulement sur\u00e9valu\u00e9e, mais est compl\u00e8tement inop\u00e9rante. Les forces sp\u00e9ciales am\u00e9ricaines ont p\u00e9n\u00e9tr\u00e9 au c\u0153ur de Caracas, captur\u00e9 un pr\u00e9sident qui savait qu\u2019il \u00e9tait en danger, sans perdre un seul homme. C\u2019est l\u00e0 la principale le\u00e7on t\u00e9tanisante pour cet autre r\u00e9gime militaire, l\u2019Alg\u00e9rie, dont la force est excessivement sur\u00e9valu\u00e9e, et qui va r\u00e9v\u00e9ler un d\u00e9sastre \u00e0 la premi\u00e8re \u00e9preuve\u2013 \u00e0 l\u2019instar de son alli\u00e9 intime.<\/p>\n<p class=\"default__StyledText-sc-10mj2vp-0 CxBBS body-paragraph\">Que le r\u00e9gime alg\u00e9rien garde le silence sur l\u2019intervention militaire am\u00e9ricaine au Venezuela en dit long sur sa peur panique. Pas de communiqu\u00e9 du minist\u00e8re alg\u00e9rien des Affaires \u00e9trang\u00e8res, pas un mot officiel, rien de la part de la \u00abforce de frappe\u00bb qui ne soutient m\u00eame pas du bout des l\u00e8vres l\u2019un de ses meilleurs alli\u00e9s. \u00c0 la perspective de la d\u00e9bandade de l\u2019arm\u00e9e alg\u00e9rienne \u00e0 la premi\u00e8re \u00e9preuve de feu s\u2019ajoute la honte d\u2019un r\u00e9gime qui ne soutient m\u00eame pas par une phrase son meilleur ami.<\/p>\n","protected":false},"excerpt":{"rendered":"La capture spectaculaire, samedi 3 janvier, du chef d\u2019\u00c9tat v\u00e9n\u00e9zu\u00e9lien, en plein palais pr\u00e9sidentiel \u00e0 Caracas, par des&hellip;\n","protected":false},"author":2,"featured_media":3875,"comment_status":"","ping_status":"","sticky":false,"template":"","format":"standard","meta":{"footnotes":""},"categories":[254],"tags":[1834,255,741,742],"class_list":{"0":"post-3874","1":"post","2":"type-post","3":"status-publish","4":"format-standard","5":"has-post-thumbnail","7":"category-algerie","8":"tag-abdelmadjid-tebboune","9":"tag-algerie","10":"tag-nicolas-maduro","11":"tag-venezuela"},"share_on_mastodon":{"url":"","error":""},"_links":{"self":[{"href":"https:\/\/www.europesays.com\/africa\/wp-json\/wp\/v2\/posts\/3874","targetHints":{"allow":["GET"]}}],"collection":[{"href":"https:\/\/www.europesays.com\/africa\/wp-json\/wp\/v2\/posts"}],"about":[{"href":"https:\/\/www.europesays.com\/africa\/wp-json\/wp\/v2\/types\/post"}],"author":[{"embeddable":true,"href":"https:\/\/www.europesays.com\/africa\/wp-json\/wp\/v2\/users\/2"}],"replies":[{"embeddable":true,"href":"https:\/\/www.europesays.com\/africa\/wp-json\/wp\/v2\/comments?post=3874"}],"version-history":[{"count":0,"href":"https:\/\/www.europesays.com\/africa\/wp-json\/wp\/v2\/posts\/3874\/revisions"}],"wp:featuredmedia":[{"embeddable":true,"href":"https:\/\/www.europesays.com\/africa\/wp-json\/wp\/v2\/media\/3875"}],"wp:attachment":[{"href":"https:\/\/www.europesays.com\/africa\/wp-json\/wp\/v2\/media?parent=3874"}],"wp:term":[{"taxonomy":"category","embeddable":true,"href":"https:\/\/www.europesays.com\/africa\/wp-json\/wp\/v2\/categories?post=3874"},{"taxonomy":"post_tag","embeddable":true,"href":"https:\/\/www.europesays.com\/africa\/wp-json\/wp\/v2\/tags?post=3874"}],"curies":[{"name":"wp","href":"https:\/\/api.w.org\/{rel}","templated":true}]}}