{"id":3876,"date":"2026-01-04T23:39:49","date_gmt":"2026-01-04T23:39:49","guid":{"rendered":"https:\/\/www.europesays.com\/africa\/3876\/"},"modified":"2026-01-04T23:39:49","modified_gmt":"2026-01-04T23:39:49","slug":"senegal-soudan-a-quelle-heure-sur-quelle-chaine-tv-voir-le-match-des-8es-de-finale-de-la-can-ce-samedi","status":"publish","type":"post","link":"https:\/\/www.europesays.com\/africa\/3876\/","title":{"rendered":"S\u00e9n\u00e9gal-Soudan : \u00e0 quelle heure, sur quelle cha\u00eene TV voir le match des 8es de finale de la CAN ce samedi ?"},"content":{"rendered":"<p class=\"paragraph text_align_left lp-f-body-02\">Duel des extr\u00eames au programme des huiti\u00e8mes de finale de la <a href=\"https:\/\/www.leparisien.fr\/sports\/football\/coupe-d-afrique-des-nations\/\" target=\"_blank\" rel=\"noreferrer nofollow noopener\">Coupe d\u2019Afriques des nations<\/a>. Le <a href=\"https:\/\/www.leparisien.fr\/sports\/football\/coupe-d-afrique-des-nations\/can-2025-senegal-liste-joueur-a-suivre-calendrier-des-matchs-tout-savoir-sur-les-lions-de-la-teranga-18-12-2025-AWSLA64G5JA7THJVXNJRELZARU.php\" target=\"_blank\" rel=\"noreferrer nofollow noopener\">S\u00e9n\u00e9gal<\/a>, s\u00e9rieux candidat au titre, d\u00e9fie samedi \u00e0 Tanger (Maroc) le Soudan, vraie surprise de la phase de poules. Premiers du groupe D avec sept points, <a href=\"https:\/\/www.leparisien.fr\/sports\/football\/coupe-d-afrique-des-nations\/benin-senegal-0-3-les-lions-de-la-teranga-en-imposent-et-evitent-lalgerie-en-8es-de-la-can-30-12-2025-FKJWXH7PM5HBHKKXLZOYTHSOPM.php\" target=\"_blank\" rel=\"noreferrer nofollow noopener\">ce qui leur a permis d\u2019\u00e9viter l\u2019Alg\u00e9rie<\/a>, les Lions de la T\u00e9ranga disposent d\u2019un effectif large et de qualit\u00e9, qui devrait leur permettre de franchir l\u2019obstacle soudanais, troisi\u00e8me de la poule E. <\/p>\n<p><a class=\"banner-link\" href=\"https:\/\/ad.doubleclick.net\/ddm\/trackclk\/N6600.145219.LEPARISIEN.FR\/B32944843.412602257;dc_trk_aid=604786717;dc_trk_cid=228480032;dc_lat=;dc_rdid=;tag_for_child_directed_treatment=;tfua=;gdpr=$%7BGDPR%7D;gdpr_consent=$%7BGDPR_CONSENT_755%7D;ltd=;dc_tdv=1\" rel=\"nofollow noopener\" target=\"_blank\">Regardez le match S\u00e9n\u00e9gal-Soudan en direct sur BeINsportsD\u00e9couvrez la CAN 2025 avec beIN SPORTS pour 15 euros seulement !<\/p>\n<p>Lien track\u00e9 pouvant g\u00e9n\u00e9rer une commission pour Le Parisien<\/p>\n<p>Voir le match<\/a><\/p>\n<p class=\"\">Ils seront tout de m\u00eame priv\u00e9s de <a href=\"https:\/\/www.leparisien.fr\/sports\/football\/coupe-d-afrique-des-nations\/direct-benin-senegal-suivez-la-derniere-rencontre-des-lions-de-la-teranga-en-poules-30-12-2025-NSTQB3QSKZDFDJQK3WWDJ7C7CE.php\" target=\"_blank\" rel=\"noreferrer nofollow noopener\">leur capitaine Kalidou Koulibaly, suspendu<\/a>. Vainqueur de la comp\u00e9tition en 2021, le S\u00e9n\u00e9gal de Pape Thiaw sera l\u2019un des adversaires de l\u2019\u00e9quipe de France \u00e0 la <a href=\"https:\/\/www.leparisien.fr\/sports\/football\/coupe-du-monde\/\" target=\"_blank\" rel=\"noreferrer nofollow noopener\">Coupe du monde 2026<\/a>. Ses performances \u00e0 la CAN sont donc \u00e0 suivre avec attention.<\/p>\n<p class=\"\">Le coup d\u2019envoi du match S\u00e9n\u00e9gal-Soudan est pr\u00e9vu \u00e0 17 heures ce samedi 3 janvier. La rencontre sera \u00e0 suivre en direct comment\u00e9 sur leparisien.fr et \u00e0 la t\u00e9l\u00e9vision sur beIN Sports 1.<\/p>\n","protected":false},"excerpt":{"rendered":"Duel des extr\u00eames au programme des huiti\u00e8mes de finale de la Coupe d\u2019Afriques des nations. Le S\u00e9n\u00e9gal, s\u00e9rieux&hellip;\n","protected":false},"author":2,"featured_media":3877,"comment_status":"","ping_status":"","sticky":false,"template":"","format":"standard","meta":{"footnotes":""},"categories":[48],"tags":[360,311,159,264],"class_list":{"0":"post-3876","1":"post","2":"type-post","3":"status-publish","4":"format-standard","5":"has-post-thumbnail","7":"category-senegal","8":"tag-can","9":"tag-football","10":"tag-senegal","11":"tag-sports"},"share_on_mastodon":{"url":"","error":""},"_links":{"self":[{"href":"https:\/\/www.europesays.com\/africa\/wp-json\/wp\/v2\/posts\/3876","targetHints":{"allow":["GET"]}}],"collection":[{"href":"https:\/\/www.europesays.com\/africa\/wp-json\/wp\/v2\/posts"}],"about":[{"href":"https:\/\/www.europesays.com\/africa\/wp-json\/wp\/v2\/types\/post"}],"author":[{"embeddable":true,"href":"https:\/\/www.europesays.com\/africa\/wp-json\/wp\/v2\/users\/2"}],"replies":[{"embeddable":true,"href":"https:\/\/www.europesays.com\/africa\/wp-json\/wp\/v2\/comments?post=3876"}],"version-history":[{"count":0,"href":"https:\/\/www.europesays.com\/africa\/wp-json\/wp\/v2\/posts\/3876\/revisions"}],"wp:featuredmedia":[{"embeddable":true,"href":"https:\/\/www.europesays.com\/africa\/wp-json\/wp\/v2\/media\/3877"}],"wp:attachment":[{"href":"https:\/\/www.europesays.com\/africa\/wp-json\/wp\/v2\/media?parent=3876"}],"wp:term":[{"taxonomy":"category","embeddable":true,"href":"https:\/\/www.europesays.com\/africa\/wp-json\/wp\/v2\/categories?post=3876"},{"taxonomy":"post_tag","embeddable":true,"href":"https:\/\/www.europesays.com\/africa\/wp-json\/wp\/v2\/tags?post=3876"}],"curies":[{"name":"wp","href":"https:\/\/api.w.org\/{rel}","templated":true}]}}