{"id":3878,"date":"2026-01-04T23:40:07","date_gmt":"2026-01-04T23:40:07","guid":{"rendered":"https:\/\/www.europesays.com\/africa\/3878\/"},"modified":"2026-01-04T23:40:07","modified_gmt":"2026-01-04T23:40:07","slug":"cetait-injuste-les-tanzaniens-en-colere-contre-larbitrage-apres-le-penalty-non-siffle-face-au-maroc","status":"publish","type":"post","link":"https:\/\/www.europesays.com\/africa\/3878\/","title":{"rendered":"\u00ab\u00a0C\u2019\u00e9tait injuste\u00a0\u00bb : les Tanzaniens en col\u00e8re contre l\u2019arbitrage apr\u00e8s le penalty non siffl\u00e9 face au Maroc"},"content":{"rendered":"<p class=\"paragraph text_align_left lp-f-body-02\">La Tanzanie est tomb\u00e9e <a href=\"https:\/\/www.leparisien.fr\/sports\/football\/coupe-d-afrique-des-nations\/maroc-tanzanie-1-0-linarretable-brahim-diaz-sauve-les-lions-de-latlas-et-les-envoie-en-quarts-de-la-can-2025-04-01-2026-TNWWLFLCWNFVZOTSZ6LJZ5ZPXE.php\" target=\"_self\" rel=\"nofollow noopener\">les armes \u00e0 la main face au Maroc (0-1)<\/a> ce dimanche et quitte la <a href=\"https:\/\/www.leparisien.fr\/sports\/football\/coupe-d-afrique-des-nations\/\" target=\"_self\" rel=\"nofollow noopener\">CAN <\/a>avec fiert\u00e9. Les Taifa Stars ont inqui\u00e9t\u00e9 \u00e0 plusieurs reprises les locaux et auraient m\u00eame pu mener sans un <a href=\"https:\/\/www.leparisien.fr\/sports\/football\/coupe-d-afrique-des-nations\/direct-maroc-tanzanie-suivez-le-8e-de-finale-des-lions-de-latlas-dans-leur-can-04-01-2026-5UVPNSM74ZHZJKYONI72EO27GI.php\" target=\"_self\" rel=\"nofollow noopener\">\u00e9norme loup\u00e9 en d\u00e9but de match<\/a>.<\/p>\n<p class=\"\">Ils gardent aussi en travers de la gorge une situation litigieuse, survenue dans les toutes derni\u00e8res secondes de la rencontre. Alors qu\u2019il \u00e9tait dans la surface marocaine, Iddy Nado a \u00e9t\u00e9 bouscul\u00e9e violemment par Adam Madina. Boubou Traor\u00e9 n\u2019a pas bronch\u00e9 et, malgr\u00e9 les protestations, n\u2019a pas souhait\u00e9 visionner les images de la VAR. Au grand d\u00e9sarroi de Miguel Angel Gamondi, le s\u00e9lectionneur.<\/p>\n<p>\u00ab On m\u00e9ritait mieux peut-\u00eatre \u00bb<\/p>\n<p class=\"\">\u00ab Ce n\u2019\u00e9tait pas de l\u2019\u00e9nervement, je suis sous le coup de l\u2019\u00e9motion, s\u2019est-il justifi\u00e9 apr\u00e8s la rencontre. J\u2019ai demand\u00e9 \u00e0 l\u2019arbitre pourquoi il n\u2019a pas demand\u00e9 \u00e0 aller au VAR. Je pense que tout le monde l\u2019a vu. Je ne juge pas l\u2019arbitre, je n\u2019\u00e9tais pas satisfait, ni d\u2019accord, avec beaucoup de ses d\u00e9cisions mais il administre la justice dans le match. \u00bb En zone mixte, ses joueurs lui ont embo\u00eet\u00e9 le pas.<\/p>\n<p class=\"\">\u00ab Partout ailleurs sur le terrain, l\u2019arbitre a siffl\u00e9 des fautes de ce genre, pendant tout le match, a pest\u00e9 Haji Mnoga, d\u00e9fenseur tanzanien. Certains diront que c\u2019est excessif mais s\u2019il le fait ailleurs sur le terrain, je pense qu\u2019il doit le faire aussi dans la surface de r\u00e9paration. Je pense que c\u2019\u00e9tait injuste. \u00bb<\/p>\n<p class=\"\">De quoi donner des regrets aux Tanzaniens, qui ont offert une belle r\u00e9sistance face aux favoris de la comp\u00e9tition. Et repartent du Maroc avec la satisfaction d\u2019avoir acc\u00e9d\u00e9 pour la premi\u00e8re fois de leur histoire \u00e0 la phase \u00e0 \u00e9limination directe. \u00ab On m\u00e9ritait mieux peut-\u00eatre, oui. Mais je pense qu\u2019on a fait une grande prestation, on a su g\u00e9rer la pression, les attaques de l\u2019\u00e9quipe du Maroc. On a fait un grand match, je suis fier de mes joueurs. \u00bb, a conclu le s\u00e9lectionneur, parti la t\u00eate haute.<\/p>\n","protected":false},"excerpt":{"rendered":"La Tanzanie est tomb\u00e9e les armes \u00e0 la main face au Maroc (0-1) ce dimanche et quitte la&hellip;\n","protected":false},"author":2,"featured_media":3879,"comment_status":"","ping_status":"","sticky":false,"template":"","format":"standard","meta":{"footnotes":""},"categories":[41],"tags":[360,311,158,264],"class_list":{"0":"post-3878","1":"post","2":"type-post","3":"status-publish","4":"format-standard","5":"has-post-thumbnail","7":"category-maroc","8":"tag-can","9":"tag-football","10":"tag-maroc","11":"tag-sports"},"share_on_mastodon":{"url":"","error":""},"_links":{"self":[{"href":"https:\/\/www.europesays.com\/africa\/wp-json\/wp\/v2\/posts\/3878","targetHints":{"allow":["GET"]}}],"collection":[{"href":"https:\/\/www.europesays.com\/africa\/wp-json\/wp\/v2\/posts"}],"about":[{"href":"https:\/\/www.europesays.com\/africa\/wp-json\/wp\/v2\/types\/post"}],"author":[{"embeddable":true,"href":"https:\/\/www.europesays.com\/africa\/wp-json\/wp\/v2\/users\/2"}],"replies":[{"embeddable":true,"href":"https:\/\/www.europesays.com\/africa\/wp-json\/wp\/v2\/comments?post=3878"}],"version-history":[{"count":0,"href":"https:\/\/www.europesays.com\/africa\/wp-json\/wp\/v2\/posts\/3878\/revisions"}],"wp:featuredmedia":[{"embeddable":true,"href":"https:\/\/www.europesays.com\/africa\/wp-json\/wp\/v2\/media\/3879"}],"wp:attachment":[{"href":"https:\/\/www.europesays.com\/africa\/wp-json\/wp\/v2\/media?parent=3878"}],"wp:term":[{"taxonomy":"category","embeddable":true,"href":"https:\/\/www.europesays.com\/africa\/wp-json\/wp\/v2\/categories?post=3878"},{"taxonomy":"post_tag","embeddable":true,"href":"https:\/\/www.europesays.com\/africa\/wp-json\/wp\/v2\/tags?post=3878"}],"curies":[{"name":"wp","href":"https:\/\/api.w.org\/{rel}","templated":true}]}}