{"id":3896,"date":"2026-01-04T23:50:23","date_gmt":"2026-01-04T23:50:23","guid":{"rendered":"https:\/\/www.europesays.com\/africa\/3896\/"},"modified":"2026-01-04T23:50:23","modified_gmt":"2026-01-04T23:50:23","slug":"le-cameroun-croque-lafrique-du-sud-et-retrouvera-le-maroc-en-quart","status":"publish","type":"post","link":"https:\/\/www.europesays.com\/africa\/3896\/","title":{"rendered":"Le Cameroun croque l&#8217;Afrique du Sud et retrouvera le Maroc en quart"},"content":{"rendered":"<p class=\"p1\">Alors que le Maroc avait du souffrir pour faire chuter la Tanzanie en s&#8217;imposant sur la plus petite des marges gr\u00e2ce \u00e0 un but de Brahim Diaz, les Lions de l&#8217;Atlas devaient sans aucun doute \u00eatre devant leur t\u00e9l\u00e9vision pour suivre le deuxi\u00e8me 8e de finale du jour entre l&#8217;Afrique du Sud et le Cameroun.<\/p>\n<p>Le Cameroun en patron<\/p>\n<p class=\"p1\">Car le vainqueur de cette affiche n&#8217;\u00e9tait d&#8217;autres que leur prochain adversaire. Du c\u00f4t\u00e9 de Rabat, ce sont les Sud-Africains qui ont d&#8217;abord domin\u00e9 la rencontre, encha\u00eenant les occasions sans pour autant r\u00e9ussir \u00e0 cadrer. Et \u00e0 force de trop rater, les Camerounais ont finalement r\u00e9ussi \u00e0 en profiter.<\/p>\n<p class=\"p1\">\u00c0 la demi-heure de jeu, c&#8217;est Junior Tchamadeu qui a ouvert la marque (34e, 1-0). Un but lib\u00e9rateur pour des Lions Indomptables qui allaient creuser l&#8217;\u00e9cart au retour des vestiaires gr\u00e2ce \u00e0 Christian Kofane (47e, 2-0). Au final, le Cameroun s&#8217;impose donc 2-1 avec une r\u00e9duction du score en fin de match de la part de Makgopa (88e, 2-1) face \u00e0 l&#8217;Afrique du Sud pour valider son ticket pour les quarts de finale. Prochaine \u00e9tape, le Maroc, pays h\u00f4te, pour un choc XXL.<\/p>\n<p>   Partagez cette info avec vos amis et vos proches en cliquant ici<br \/> Pour r\u00e9sumer<\/p>\n<p>Le Cameroun s\u2019est impos\u00e9 2-1 face \u00e0 l\u2019Afrique du Sud (buts de Tchamadeu et Kofane) en 8e de finale de la CAN. Prochain adversaire : le Maroc, pays h\u00f4te, pour un quart de finale tr\u00e8s attendu apr\u00e8s leur difficile victoire contre la Tanzanie.<\/p>\n<p>R\u00e9dacteur<\/p>\n<p><img decoding=\"async\" width=\"76\" height=\"76\" loading=\"lazy\" src=\"https:\/\/www.europesays.com\/africa\/wp-content\/uploads\/2026\/01\/logo-antoine-chirat.jpg\" alt=\"Antoine Chirat\"\/><\/p>\n","protected":false},"excerpt":{"rendered":"Alors que le Maroc avait du souffrir pour faire chuter la Tanzanie en s&#8217;imposant sur la plus petite&hellip;\n","protected":false},"author":2,"featured_media":3897,"comment_status":"","ping_status":"","sticky":false,"template":"","format":"standard","meta":{"footnotes":""},"categories":[62],"tags":[64,360],"class_list":{"0":"post-3896","1":"post","2":"type-post","3":"status-publish","4":"format-standard","5":"has-post-thumbnail","7":"category-afrique","8":"tag-afrique","9":"tag-can"},"share_on_mastodon":{"url":"","error":""},"_links":{"self":[{"href":"https:\/\/www.europesays.com\/africa\/wp-json\/wp\/v2\/posts\/3896","targetHints":{"allow":["GET"]}}],"collection":[{"href":"https:\/\/www.europesays.com\/africa\/wp-json\/wp\/v2\/posts"}],"about":[{"href":"https:\/\/www.europesays.com\/africa\/wp-json\/wp\/v2\/types\/post"}],"author":[{"embeddable":true,"href":"https:\/\/www.europesays.com\/africa\/wp-json\/wp\/v2\/users\/2"}],"replies":[{"embeddable":true,"href":"https:\/\/www.europesays.com\/africa\/wp-json\/wp\/v2\/comments?post=3896"}],"version-history":[{"count":0,"href":"https:\/\/www.europesays.com\/africa\/wp-json\/wp\/v2\/posts\/3896\/revisions"}],"wp:featuredmedia":[{"embeddable":true,"href":"https:\/\/www.europesays.com\/africa\/wp-json\/wp\/v2\/media\/3897"}],"wp:attachment":[{"href":"https:\/\/www.europesays.com\/africa\/wp-json\/wp\/v2\/media?parent=3896"}],"wp:term":[{"taxonomy":"category","embeddable":true,"href":"https:\/\/www.europesays.com\/africa\/wp-json\/wp\/v2\/categories?post=3896"},{"taxonomy":"post_tag","embeddable":true,"href":"https:\/\/www.europesays.com\/africa\/wp-json\/wp\/v2\/tags?post=3896"}],"curies":[{"name":"wp","href":"https:\/\/api.w.org\/{rel}","templated":true}]}}