{"id":3902,"date":"2026-01-04T23:53:06","date_gmt":"2026-01-04T23:53:06","guid":{"rendered":"https:\/\/www.europesays.com\/africa\/3902\/"},"modified":"2026-01-04T23:53:06","modified_gmt":"2026-01-04T23:53:06","slug":"ngouda-dieng-remporte-le-prix-du-meilleur-entrepreneur-immobilier-de-thies","status":"publish","type":"post","link":"https:\/\/www.europesays.com\/africa\/3902\/","title":{"rendered":"Ngouda Dieng remporte le prix du meilleur entrepreneur immobilier de Thi\u00e8s"},"content":{"rendered":"<p>La 4e \u00e9dition des &#8220;Raaya T\u00e9ranga&#8221; a v\u00e9cu hier au Grand Th\u00e9\u00e2tre de Dakar. \u00c0 cette occasion, le PDG de Diaspora Sope Naby, M. Ngouda Dieng, s\u2019est brillamment distingu\u00e9, parmi les figures marquantes de cette c\u00e9r\u00e9monie.<\/p>\n<p>\u00a0<\/p>\n<p>En effet, d\u00e9j\u00e0 class\u00e9 parmi les cinq meilleurs jeunes entrepreneurs du S\u00e9n\u00e9gal, Ngouda Dieng (Borom Mines d\u2019or Yi), a officiellement re\u00e7u le prix du meilleur entrepreneur immobilier de la r\u00e9gion de Thi\u00e8s. &#8220;Il s&#8217;agit d&#8217;une cons\u00e9cration qui vient r\u00e9compenser plusieurs ann\u00e9es d&#8217;engagement et d&#8217;abn\u00e9gation pour les s\u00e9n\u00e9galais d&#8217;ici et de la Diaspora&#8221;, a-t-il r\u00e9agi, apr\u00e8s avoir re\u00e7u son prix.<\/p>\n<p>\u00a0<\/p>\n<p>Ngouda Dieng est un s\u00e9n\u00e9galais qui a v\u00e9cu pendant 18 ans en Europe. Conscient des difficult\u00e9s auxquelles les s\u00e9n\u00e9galais sont confront\u00e9s li\u00e9es notamment \u00e0 l&#8217;acc\u00e8s au logement, il a d\u00e9cid\u00e9 de rentrer au bercail pour mettre en place l&#8217;entit\u00e9 d\u00e9nomm\u00e9e\u00a0 &#8220;Diaspora Sope Naby Immobilier&#8221;. Celle-ci, dit-il, a aid\u00e9 pas mal d&#8217;immigr\u00e9s d&#8217;Italie, d&#8217;Espagne, d&#8217;Allemagne etc, ainsi que des s\u00e9n\u00e9galais d&#8217;ici, \u00e0 se formaliser en mettant sur pied des coop\u00e9ratives pour pouvoir acc\u00e9der au logement.\u00a0<\/p>\n<p>\u00a0<\/p>\n<p>&#8220;Cette distinction, je la d\u00e9die \u00e0 la diaspora, \u00e0 nos partenaires et \u00e0 toute la population de Thi\u00e8s[&#8230;], ceux-l\u00e0 qui nous ont accompagn\u00e9 depuis le d\u00e9but. Notre si\u00e8ge se trouve \u00e0 Thi\u00e8s au niveau des deux voies Nguinth. Et notre objectif c&#8217;est de cr\u00e9er des cit\u00e9s au profit de la population&#8221;, a-t-il conclu.<\/p>\n<p>\u00a0<\/p>\n<p>\u00a0<\/p>\n","protected":false},"excerpt":{"rendered":"La 4e \u00e9dition des &#8220;Raaya T\u00e9ranga&#8221; a v\u00e9cu hier au Grand Th\u00e9\u00e2tre de Dakar. \u00c0 cette occasion, le&hellip;\n","protected":false},"author":2,"featured_media":3903,"comment_status":"","ping_status":"","sticky":false,"template":"","format":"standard","meta":{"footnotes":""},"categories":[48],"tags":[64,274,279,273,277,278,271,281,283,272,280,276,275,159,282],"class_list":{"0":"post-3902","1":"post","2":"type-post","3":"status-publish","4":"format-standard","5":"has-post-thumbnail","7":"category-senegal","8":"tag-afrique","9":"tag-aliou-cisse","10":"tag-amadou-ba","11":"tag-apr","12":"tag-bassirou-diomaye-faye","13":"tag-bathelemy-dias","14":"tag-dakar","15":"tag-el-malick-ndiaye","16":"tag-guy-marius-sagna","17":"tag-macky-sall","18":"tag-madiambal-diagne","19":"tag-ousmane-sonko","20":"tag-pastef","21":"tag-senegal","22":"tag-ziguinchor"},"share_on_mastodon":{"url":"","error":""},"_links":{"self":[{"href":"https:\/\/www.europesays.com\/africa\/wp-json\/wp\/v2\/posts\/3902","targetHints":{"allow":["GET"]}}],"collection":[{"href":"https:\/\/www.europesays.com\/africa\/wp-json\/wp\/v2\/posts"}],"about":[{"href":"https:\/\/www.europesays.com\/africa\/wp-json\/wp\/v2\/types\/post"}],"author":[{"embeddable":true,"href":"https:\/\/www.europesays.com\/africa\/wp-json\/wp\/v2\/users\/2"}],"replies":[{"embeddable":true,"href":"https:\/\/www.europesays.com\/africa\/wp-json\/wp\/v2\/comments?post=3902"}],"version-history":[{"count":0,"href":"https:\/\/www.europesays.com\/africa\/wp-json\/wp\/v2\/posts\/3902\/revisions"}],"wp:featuredmedia":[{"embeddable":true,"href":"https:\/\/www.europesays.com\/africa\/wp-json\/wp\/v2\/media\/3903"}],"wp:attachment":[{"href":"https:\/\/www.europesays.com\/africa\/wp-json\/wp\/v2\/media?parent=3902"}],"wp:term":[{"taxonomy":"category","embeddable":true,"href":"https:\/\/www.europesays.com\/africa\/wp-json\/wp\/v2\/categories?post=3902"},{"taxonomy":"post_tag","embeddable":true,"href":"https:\/\/www.europesays.com\/africa\/wp-json\/wp\/v2\/tags?post=3902"}],"curies":[{"name":"wp","href":"https:\/\/api.w.org\/{rel}","templated":true}]}}