{"id":3926,"date":"2026-01-05T00:09:12","date_gmt":"2026-01-05T00:09:12","guid":{"rendered":"https:\/\/www.europesays.com\/africa\/3926\/"},"modified":"2026-01-05T00:09:12","modified_gmt":"2026-01-05T00:09:12","slug":"maroc-les-statistiques-lunaires-des-chocs-entre-les-deux-equipes","status":"publish","type":"post","link":"https:\/\/www.europesays.com\/africa\/3926\/","title":{"rendered":"Maroc : les statistiques lunaires des chocs entre les deux \u00e9quipes"},"content":{"rendered":"<p class=\"p1\">Un choc savoureux qui promet de nous r\u00e9galer ! Aujourd&#8217;hui, le Maroc a du cravacher pour s&#8217;imposer face \u00e0 la Tanzanie en 8e de finale de la Coupe d&#8217;Afrique des Nations. Un petit but de Brahim Diaz a suffi \u00e0 faire le bonheur des Lions de l&#8217;Atlas, qui retrouveront finalement&#8230; les Lions Indomptables.<\/p>\n<p class=\"p1\">Au terme d&#8217;un match engag\u00e9, les Camerounais ont fait chuter l&#8217;Afrique du Sud sur le score de 2-1 apr\u00e8s avoir trembl\u00e9 suite \u00e0 la r\u00e9duction du score en fin de rencontre. Une affiche de gala entre deux cadors du continent qui va forc\u00e9ment mettre fin \u00e0 des longues s\u00e9ries qui alimentent la rivalit\u00e9 entre les deux pays.<\/p>\n<p>\u00c0 lire aussiLe grand \u00e9cart des stats<\/p>\n<p class=\"p1\">Tout d&#8217;abord, le Maroc n&#8217;a tout simplement pas perdu depuis 2009 \u00e0 domicile en comp\u00e9tition officielle face au Cameroun. Une s\u00e9rie impressionnante de 37 matchs pour 32 victoires et cinq nuls. De quoi donner un avantage, sur le papier, aux Marocains ? Pas forc\u00e9ment si on regarde les confrontations \u00e0 la CAN.<\/p>\n<p class=\"p1\">En effet, le Cameroun n&#8217;a jamais perdu face au Maroc \u00e0 la Coupe d&#8217;Afrique des Nations avec trois victoires et un nul. De plus, les Camerounais ont aussi fait chuter les Marocains chez eux en demi-finale de la CAN 1988. De quoi donner un avantage au Cameroun ? Finalement, le match sera plus ouvert que jamais !<\/p>\n<p>   Partagez cette info avec vos amis et vos proches en cliquant ici<br \/> Pour r\u00e9sumer<\/p>\n<p>Le Maroc, vainqueur difficile de la Tanzanie (1-0), affronte le Cameroun, tombeur de l\u2019Afrique du Sud (2-1), en quart de finale de la CAN. Une rivalit\u00e9 historique : invaincus \u00e0 domicile depuis 2009, les Marocains n\u2019ont jamais battu le Cameroun en CAN. Un choc ind\u00e9cis !<\/p>\n<p>R\u00e9dacteur<\/p>\n<p><img decoding=\"async\" width=\"76\" height=\"76\" loading=\"lazy\" src=\"https:\/\/www.europesays.com\/africa\/wp-content\/uploads\/2026\/01\/logo-antoine-chirat.jpg\" alt=\"Antoine Chirat\"\/><\/p>\n","protected":false},"excerpt":{"rendered":"Un choc savoureux qui promet de nous r\u00e9galer ! Aujourd&#8217;hui, le Maroc a du cravacher pour s&#8217;imposer face&hellip;\n","protected":false},"author":2,"featured_media":3927,"comment_status":"","ping_status":"","sticky":false,"template":"","format":"standard","meta":{"footnotes":""},"categories":[41],"tags":[360,158],"class_list":{"0":"post-3926","1":"post","2":"type-post","3":"status-publish","4":"format-standard","5":"has-post-thumbnail","7":"category-maroc","8":"tag-can","9":"tag-maroc"},"share_on_mastodon":{"url":"","error":""},"_links":{"self":[{"href":"https:\/\/www.europesays.com\/africa\/wp-json\/wp\/v2\/posts\/3926","targetHints":{"allow":["GET"]}}],"collection":[{"href":"https:\/\/www.europesays.com\/africa\/wp-json\/wp\/v2\/posts"}],"about":[{"href":"https:\/\/www.europesays.com\/africa\/wp-json\/wp\/v2\/types\/post"}],"author":[{"embeddable":true,"href":"https:\/\/www.europesays.com\/africa\/wp-json\/wp\/v2\/users\/2"}],"replies":[{"embeddable":true,"href":"https:\/\/www.europesays.com\/africa\/wp-json\/wp\/v2\/comments?post=3926"}],"version-history":[{"count":0,"href":"https:\/\/www.europesays.com\/africa\/wp-json\/wp\/v2\/posts\/3926\/revisions"}],"wp:featuredmedia":[{"embeddable":true,"href":"https:\/\/www.europesays.com\/africa\/wp-json\/wp\/v2\/media\/3927"}],"wp:attachment":[{"href":"https:\/\/www.europesays.com\/africa\/wp-json\/wp\/v2\/media?parent=3926"}],"wp:term":[{"taxonomy":"category","embeddable":true,"href":"https:\/\/www.europesays.com\/africa\/wp-json\/wp\/v2\/categories?post=3926"},{"taxonomy":"post_tag","embeddable":true,"href":"https:\/\/www.europesays.com\/africa\/wp-json\/wp\/v2\/tags?post=3926"}],"curies":[{"name":"wp","href":"https:\/\/api.w.org\/{rel}","templated":true}]}}