{"id":3962,"date":"2026-01-05T00:38:15","date_gmt":"2026-01-05T00:38:15","guid":{"rendered":"https:\/\/www.europesays.com\/africa\/3962\/"},"modified":"2026-01-05T00:38:15","modified_gmt":"2026-01-05T00:38:15","slug":"le-maroc-evite-le-piege-contre-la-tanzanie-mais-perd-ounahi","status":"publish","type":"post","link":"https:\/\/www.europesays.com\/africa\/3962\/","title":{"rendered":"le Maroc \u00e9vite le pi\u00e8ge contre la Tanzanie mais perd Ounahi"},"content":{"rendered":"<p><a href=\"https:\/\/www.laprovence.com\/article\/sports\/5589055608055\/football-can-le-maroc-daguerd-file-en-huitiemes-les-comores-sen-vont-avec-les-honneurs\" target=\"_blank\" rel=\"nofollow noopener\">Le Maroc<\/a>, avec Achraf Hakimi titulaire, a fait preuve de patience pour \u00e9liminer la Tanzanie (1-0) en huiti\u00e8mes, et se qualifier pour les quarts de finale de &#8220;sa&#8221; coupe d&#8217;Afrique des nations, ce dimanche \u00e0 Rabat. Les Lions de l&#8217;Atlas ont forc\u00e9 le verrou tanzanien en seconde p\u00e9riode gr\u00e2ce \u00e0 Brahim Diaz (64), le meilleur buteur de la comp\u00e9tition avec quatre r\u00e9alisations.<\/p>\n<p>&#8220;La lecture est simple, on a commenc\u00e9 notre match en deuxi\u00e8me mi-temps, et il n&#8217;y avait pas photo, on m\u00e9rite de passer&#8221;, a affirm\u00e9, apr\u00e8s la rencontre, le s\u00e9lectionneur marocain Walid Regragui, soumis \u00e0 une pression populaire \u00e9norme durant le tournoi.<\/p>\n<p>&#8220;\u00c7a a \u00e9t\u00e9 un match difficile, on n&#8217;a pas \u00e9t\u00e9 \u00e0 notre niveau aujourd&#8217;hui&#8221;, avait-il conc\u00e9d\u00e9 quelques instants plus t\u00f4t, au micro de BeIn Sports au coup de sifflet final. Le Maroc d\u00e9fiera vendredi le Cameroun, qui a battu l&#8217;Afrique du Sud dans la soir\u00e9e (2-1). Hakimi a confirm\u00e9 sa mont\u00e9e en puissance physique, \u00e9tant titulaire pour la premi\u00e8re fois de la comp\u00e9tition. Il a m\u00eame failli marquer sur un coup franc qui a heurt\u00e9 la barre transversale (60).<\/p>\n<p>5 \u00e0 6 semaines d&#8217;absence<\/p>\n<p>Mais Regragui va devoir se passer d&#8217;<a href=\"https:\/\/www.laprovence.com\/article\/om\/15826716831333\/football-can-qui-sont-les-provencaux-qualifies-pour-les-huitiemes-de-finale\" target=\"_blank\" rel=\"nofollow noopener\">Azzedine Ounahi<\/a>, qui est arriv\u00e9 au stade en b\u00e9quilles, le pied gauche dans une attelle. &#8220;Il a une d\u00e9chirure au mollet, il ne pourra pas jouer pendant la CAN, il est indisponible entre 5 \u00e0 6 semaines, il s&#8217;est bless\u00e9 hier \u00e0 l&#8217;entra\u00eenement, c&#8217;est une ancienne blessure qu&#8217;il avait \u00e0 G\u00e9rone, la cicatrice s&#8217;est rouverte&#8221;, a confirm\u00e9 le s\u00e9lectionneur apr\u00e8s le match.<\/p>\n<p>Le forfait de l&#8217;ancien Olympien, crucial dans l&#8217;entrejeu, constitue un coup dur pour une s\u00e9lection sous pression qui, par le pass\u00e9, a plus craqu\u00e9 que brill\u00e9 dans les moments les plus chauds. &#8220;On perd notre leader technique&#8221;, a encore pens\u00e9 Regragui.<\/p>\n<p>Aujourd&#8217;hui : \u00c9gypte &#8211; B\u00e9nin (17h) et Nigeria &#8211; Mozambique (20h).<\/p>\n","protected":false},"excerpt":{"rendered":"Le Maroc, avec Achraf Hakimi titulaire, a fait preuve de patience pour \u00e9liminer la Tanzanie (1-0) en huiti\u00e8mes,&hellip;\n","protected":false},"author":2,"featured_media":3963,"comment_status":"","ping_status":"","sticky":false,"template":"","format":"standard","meta":{"footnotes":""},"categories":[41],"tags":[97,179,3219,3217,3220,158,3218,264,1114],"class_list":{"0":"post-3962","1":"post","2":"type-post","3":"status-publish","4":"format-standard","5":"has-post-thumbnail","7":"category-maroc","8":"tag-97","9":"tag-can-2025","10":"tag-contre","11":"tag-evite","12":"tag-mais","13":"tag-maroc","14":"tag-piege","15":"tag-sports","16":"tag-tanzanie"},"share_on_mastodon":{"url":"","error":""},"_links":{"self":[{"href":"https:\/\/www.europesays.com\/africa\/wp-json\/wp\/v2\/posts\/3962","targetHints":{"allow":["GET"]}}],"collection":[{"href":"https:\/\/www.europesays.com\/africa\/wp-json\/wp\/v2\/posts"}],"about":[{"href":"https:\/\/www.europesays.com\/africa\/wp-json\/wp\/v2\/types\/post"}],"author":[{"embeddable":true,"href":"https:\/\/www.europesays.com\/africa\/wp-json\/wp\/v2\/users\/2"}],"replies":[{"embeddable":true,"href":"https:\/\/www.europesays.com\/africa\/wp-json\/wp\/v2\/comments?post=3962"}],"version-history":[{"count":0,"href":"https:\/\/www.europesays.com\/africa\/wp-json\/wp\/v2\/posts\/3962\/revisions"}],"wp:featuredmedia":[{"embeddable":true,"href":"https:\/\/www.europesays.com\/africa\/wp-json\/wp\/v2\/media\/3963"}],"wp:attachment":[{"href":"https:\/\/www.europesays.com\/africa\/wp-json\/wp\/v2\/media?parent=3962"}],"wp:term":[{"taxonomy":"category","embeddable":true,"href":"https:\/\/www.europesays.com\/africa\/wp-json\/wp\/v2\/categories?post=3962"},{"taxonomy":"post_tag","embeddable":true,"href":"https:\/\/www.europesays.com\/africa\/wp-json\/wp\/v2\/tags?post=3962"}],"curies":[{"name":"wp","href":"https:\/\/api.w.org\/{rel}","templated":true}]}}