{"id":397,"date":"2026-01-03T13:40:06","date_gmt":"2026-01-03T13:40:06","guid":{"rendered":"https:\/\/www.europesays.com\/africa\/397\/"},"modified":"2026-01-03T13:40:06","modified_gmt":"2026-01-03T13:40:06","slug":"ces-entraineurs-passes-par-lalgerie","status":"publish","type":"post","link":"https:\/\/www.europesays.com\/africa\/397\/","title":{"rendered":"Ces entra\u00eeneurs pass\u00e9s par l&#8217;Alg\u00e9rie"},"content":{"rendered":"<p style=\"text-align: justify;\" data-start=\"0\" data-end=\"192\">Sur les 24 entra\u00eeneurs align\u00e9s pour la Coupe d\u2019Afrique des Nations (CAN) 2025, six ont d\u00e9j\u00e0 foul\u00e9 les bancs alg\u00e9riens, une statistique qui illustre l\u2019attractivit\u00e9 et la r\u00e9putation du football national.<\/p>\n<p style=\"text-align: justify;\" data-start=\"194\" data-end=\"449\">\u00c9ric Chelle, S\u00e9bastien Desabre, Hugo Broos, Miguel Gamondi, Patrice Beaumelle et Paul Put font partie de cette petite \u00e9lite qui a dirig\u00e9 des clubs tels que le Mouloudia d\u2019Oran, la JS Saoura, la JS Kabylie, le CR Belouizdad, l\u2019USM Alger ou le NA Hussein-Dey.<\/p>\n<p style=\"text-align: justify;\" data-start=\"451\" data-end=\"810\">Cette pr\u00e9sence souligne l\u2019influence de l\u2019Alg\u00e9rie comme terre de football et destination de choix pour les entra\u00eeneurs \u00e9trangers, qui reviennent souvent sur le continent africain, forts d\u2019un v\u00e9cu alg\u00e9rien. Plus qu\u2019un simple passage, ces exp\u00e9riences d\u00e9montrent l\u2019attractivit\u00e9 du football national, qui n\u2019a de cesse de gagner en notori\u00e9t\u00e9 ces derni\u00e8res ann\u00e9es.<\/p>\n<p style=\"text-align: justify;\" data-start=\"812\" data-end=\"1041\">Au total, un quart des s\u00e9lectionneurs de cette CAN a donc un lien direct avec le football alg\u00e9rien, un chiffre qui traduit l\u2019attractivit\u00e9 de ses clubs et la valeur reconnue de son exp\u00e9rience pour les entra\u00eeneurs internationaux.<\/p>\n<p style=\"text-align: justify;\" data-start=\"1043\" data-end=\"1249\">Sur les six entra\u00eeneurs sus-cit\u00e9s, quatre sont d\u00e9j\u00e0 qualifi\u00e9s en 8es de finale. \u00c0 commencer par Desabre, s\u00e9lectionneur de la RD Congo, que l\u2019Alg\u00e9rie affrontera ce mardi pour un ticket en quarts de finale. La conf\u00e9rence de presse d\u2019avant-match, lundi, sera peut-\u00eatre une occasion pour Desabre de se rem\u00e9morer son passage \u00e0 la JS Saoura.<\/p>\n<p data-start=\"1251\" data-end=\"1381\" data-is-last-node=\"\" data-is-only-node=\"\">LIRE EGALEMENT : <a href=\"https:\/\/lagazettedufennec.com\/can-2025-desabre-sexprime-sur-le-soutien-du-maroc-face-a-lalgerie\/\" rel=\"nofollow noopener\" target=\"_blank\">CAN 2025 : Desabre s\u2019exprime sur le soutien du Maroc face \u00e0 l\u2019Alg\u00e9rie<\/a><\/p>\n","protected":false},"excerpt":{"rendered":"Sur les 24 entra\u00eeneurs align\u00e9s pour la Coupe d\u2019Afrique des Nations (CAN) 2025, six ont d\u00e9j\u00e0 foul\u00e9 les&hellip;\n","protected":false},"author":2,"featured_media":398,"comment_status":"","ping_status":"","sticky":false,"template":"","format":"standard","meta":{"footnotes":""},"categories":[254],"tags":[255,256,179,547,548,549,550,551,552,509],"class_list":{"0":"post-397","1":"post","2":"type-post","3":"status-publish","4":"format-standard","5":"has-post-thumbnail","7":"category-algerie","8":"tag-algerie","9":"tag-algu00e9rie-can","10":"tag-can-2025","11":"tag-coupe-dafrique","12":"tag-eric-chelle","13":"tag-hugo-broos","14":"tag-miguel-gamondi","15":"tag-patrice-beaumelle","16":"tag-paul-put","17":"tag-su00e9bastien-desabre"},"share_on_mastodon":{"url":"","error":""},"_links":{"self":[{"href":"https:\/\/www.europesays.com\/africa\/wp-json\/wp\/v2\/posts\/397","targetHints":{"allow":["GET"]}}],"collection":[{"href":"https:\/\/www.europesays.com\/africa\/wp-json\/wp\/v2\/posts"}],"about":[{"href":"https:\/\/www.europesays.com\/africa\/wp-json\/wp\/v2\/types\/post"}],"author":[{"embeddable":true,"href":"https:\/\/www.europesays.com\/africa\/wp-json\/wp\/v2\/users\/2"}],"replies":[{"embeddable":true,"href":"https:\/\/www.europesays.com\/africa\/wp-json\/wp\/v2\/comments?post=397"}],"version-history":[{"count":0,"href":"https:\/\/www.europesays.com\/africa\/wp-json\/wp\/v2\/posts\/397\/revisions"}],"wp:featuredmedia":[{"embeddable":true,"href":"https:\/\/www.europesays.com\/africa\/wp-json\/wp\/v2\/media\/398"}],"wp:attachment":[{"href":"https:\/\/www.europesays.com\/africa\/wp-json\/wp\/v2\/media?parent=397"}],"wp:term":[{"taxonomy":"category","embeddable":true,"href":"https:\/\/www.europesays.com\/africa\/wp-json\/wp\/v2\/categories?post=397"},{"taxonomy":"post_tag","embeddable":true,"href":"https:\/\/www.europesays.com\/africa\/wp-json\/wp\/v2\/tags?post=397"}],"curies":[{"name":"wp","href":"https:\/\/api.w.org\/{rel}","templated":true}]}}