{"id":4007,"date":"2026-01-05T01:21:06","date_gmt":"2026-01-05T01:21:06","guid":{"rendered":"https:\/\/www.europesays.com\/africa\/4007\/"},"modified":"2026-01-05T01:21:06","modified_gmt":"2026-01-05T01:21:06","slug":"deux-morts-dans-une-collision-entre-un-tricycle-et-un-camion","status":"publish","type":"post","link":"https:\/\/www.europesays.com\/africa\/4007\/","title":{"rendered":"deux morts dans une collision entre un tricycle et un camion"},"content":{"rendered":"<p class=\"firstp\">Un grave accident de la circulation s\u2019est produit dans la nuit d\u2019hier aux environs de 23h35 sur la Route nationale n\u00b07 (RN7), \u00e0 hauteur du village de Kharakh\u00e9na, dans la commune de Bembou (d\u00e9partement de <a href=\"https:\/\/www.senenews.com\/actualites\/grave-accident-de-la-circulation-deux-morts-enregistres-a-saraya_553363.html\" rel=\"nofollow noopener\" target=\"_blank\">Saraya<\/a>). Le drame a fait deux morts et un bless\u00e9 l\u00e9ger, selon les informations recueillies sur place.<\/p>\n<p>L\u2019accident a impliqu\u00e9 un moto-tricycle de marque Bravo, d\u00e9pourvu d\u2019immatriculation, conduit par Mamadou Saliou Diallo, \u00e2g\u00e9 de 28 ans. L\u2019engin transportait deux passagers et circulait dans le sens Kharakh\u00e9na\u2013Saraya.\n<\/p>\n<p>Arriv\u00e9 dans l\u2019agglom\u00e9ration du village, le conducteur aurait tent\u00e9 d\u2019\u00e9viter une moto de type Jakarta surgissant brusquement d\u2019une ruelle. Cette man\u0153uvre lui aurait fait perdre le contr\u00f4le du tricycle, entra\u00eenant une collision avec un v\u00e9hicule semi-remorque de marque Mercedes, immatricul\u00e9 AA-475-AV \/ AZ-4550-MD, conduit par Abou S., en provenance de Sikasso et circulant en sens inverse.\n<\/p>\n<p>Le choc a \u00e9t\u00e9 fatal \u00e0 deux passagers du tricycle. Il s\u2019agit de O. T., \u00e2g\u00e9 de 16 ans, ressortissant guin\u00e9en et orpailleur domicili\u00e9 \u00e0 Kharakh\u00e9na, ainsi que d\u2019Abdoulaye Sow, 22 ans, \u00e9galement ressortissant guin\u00e9en et orpailleur, r\u00e9sidant dans le m\u00eame village. Une femme qui se trouvait \u00e0 bord du tricycle a \u00e9t\u00e9 l\u00e9g\u00e8rement bless\u00e9e.\n<\/p>\n<p>D\u2019apr\u00e8s les premi\u00e8res constatations, l\u2019accident serait li\u00e9 \u00e0 un d\u00e9faut de ma\u00eetrise et \u00e0 l\u2019imprudence des conducteurs. Les d\u00e9pouilles des deux victimes ont \u00e9t\u00e9 \u00e9vacu\u00e9es au centre hospitalier r\u00e9gional Amath Dansokho de K\u00e9dougou pour les besoins de l\u2019autopsie. Le bless\u00e9 l\u00e9ger a, quant \u00e0 lui, \u00e9t\u00e9 pris en charge au poste de sant\u00e9 de Kharakh\u00e9na.<\/p>\n<p>Ce nouveau drame relance la probl\u00e9matique de la s\u00e9curit\u00e9 routi\u00e8re dans la r\u00e9gion de K\u00e9dougou, notamment sur les axes tr\u00e8s fr\u00e9quent\u00e9s o\u00f9 la cohabitation entre engins \u00e0 deux ou trois roues et poids lourds demeure particuli\u00e8rement dangereuse.<\/p>\n","protected":false},"excerpt":{"rendered":"Un grave accident de la circulation s\u2019est produit dans la nuit d\u2019hier aux environs de 23h35 sur la&hellip;\n","protected":false},"author":2,"featured_media":2779,"comment_status":"","ping_status":"","sticky":false,"template":"","format":"standard","meta":{"footnotes":""},"categories":[48],"tags":[1740,3225,159,163,239],"class_list":{"0":"post-4007","1":"post","2":"type-post","3":"status-publish","4":"format-standard","5":"has-post-thumbnail","7":"category-senegal","8":"tag-accident","9":"tag-saraya","10":"tag-senegal","11":"tag-senegal-actualites","12":"tag-societe"},"share_on_mastodon":{"url":"","error":""},"_links":{"self":[{"href":"https:\/\/www.europesays.com\/africa\/wp-json\/wp\/v2\/posts\/4007","targetHints":{"allow":["GET"]}}],"collection":[{"href":"https:\/\/www.europesays.com\/africa\/wp-json\/wp\/v2\/posts"}],"about":[{"href":"https:\/\/www.europesays.com\/africa\/wp-json\/wp\/v2\/types\/post"}],"author":[{"embeddable":true,"href":"https:\/\/www.europesays.com\/africa\/wp-json\/wp\/v2\/users\/2"}],"replies":[{"embeddable":true,"href":"https:\/\/www.europesays.com\/africa\/wp-json\/wp\/v2\/comments?post=4007"}],"version-history":[{"count":0,"href":"https:\/\/www.europesays.com\/africa\/wp-json\/wp\/v2\/posts\/4007\/revisions"}],"wp:featuredmedia":[{"embeddable":true,"href":"https:\/\/www.europesays.com\/africa\/wp-json\/wp\/v2\/media\/2779"}],"wp:attachment":[{"href":"https:\/\/www.europesays.com\/africa\/wp-json\/wp\/v2\/media?parent=4007"}],"wp:term":[{"taxonomy":"category","embeddable":true,"href":"https:\/\/www.europesays.com\/africa\/wp-json\/wp\/v2\/categories?post=4007"},{"taxonomy":"post_tag","embeddable":true,"href":"https:\/\/www.europesays.com\/africa\/wp-json\/wp\/v2\/tags?post=4007"}],"curies":[{"name":"wp","href":"https:\/\/api.w.org\/{rel}","templated":true}]}}