{"id":4008,"date":"2026-01-05T01:22:07","date_gmt":"2026-01-05T01:22:07","guid":{"rendered":"https:\/\/www.europesays.com\/africa\/4008\/"},"modified":"2026-01-05T01:22:07","modified_gmt":"2026-01-05T01:22:07","slug":"can-2025-service-minimum-pour-le-maroc-le-cameroun-domine-lafrique-du-sud-le-journal-de-la-can","status":"publish","type":"post","link":"https:\/\/www.europesays.com\/africa\/4008\/","title":{"rendered":"CAN 2025 : service minimum pour le Maroc, le Cameroun domine l&#8217;Afrique du Sud &#8211; Le journal de la CAN"},"content":{"rendered":"<p>A retrouver dans l\u2019\u00e9mission<\/p>\n<p>    <img decoding=\"async\" fetchpriority=\"low\" src=\"https:\/\/s.france24.com\/media\/display\/86edaaf0-b392-11ee-88d3-005056a90284\/FR-JT-CAN.svg\"  alt=\"Le journal de la CAN\" loading=\"lazy\" class=\"a-img  a-img--svg\"\/><\/p>\n<p>\n                                                Beaucoup avaient imagin\u00e9 une promenade de sant\u00e9 pour le Maroc face \u00e0 la Tanzanie en huiti\u00e8mes de finale. Mais les Lions de l&#8217;Atlas ont montr\u00e9 des signes de f\u00e9brilit\u00e9 pour ce premier match \u00e0 \u00e9limination directe dans leur CAN.\u00a0                    <\/p>\n<p>Beaucoup avaient imagin\u00e9 une promenade de sant\u00e9 pour le Maroc face \u00e0 la Tanzanie en huiti\u00e8mes de finale. Mais les Lions de l&#8217;Atlas ont montr\u00e9 des signes de f\u00e9brilit\u00e9 pour ce premier match \u00e0 \u00e9limination directe dans leur CAN.\u00a0<\/p>\n<p class=\"a-read-more\">\u00c0 lire aussi<a href=\"https:\/\/www.france24.com\/fr\/sports\/20260104-can-2025-maroc-tanzanie-diaz-hakimi-huitiemes?utm_slink=f24.my\/BeSV\" target=\"_self\" class=\"a-read-more__link\" rel=\"nofollow noopener\">CAN 2025 : Diaz et le Maroc filent en quarts apr\u00e8s une courte victoire contre la Tanzanie<\/a><\/p>\n<p>Apr\u00e8s avoir subi en d\u00e9but de match face \u00e0 l&#8217;<a href=\"https:\/\/www.france24.com\/fr\/tag\/afrique-du-sud\/\" target=\"_self\" class=\"gtm-add-suggested-tag\" rel=\"nofollow noopener\">Afrique du Sud<\/a>, 3\u00e8me de la derni\u00e8re \u00e9dition, les Lions Indomptables ont maitris\u00e9 leur sujet pour l&#8217;emporter 2 buts \u00e0 1.<\/p>\n<p>Le <a href=\"https:\/\/www.france24.com\/fr\/tag\/cameroun\/\" target=\"_self\" class=\"gtm-add-suggested-tag\" rel=\"nofollow noopener\">Cameroun<\/a> est un outsider tr\u00e8s s\u00e9rieux et un r\u00e9el danger pour le <a href=\"https:\/\/www.france24.com\/fr\/tag\/maroc\/\" target=\"_self\" class=\"gtm-add-suggested-tag\" rel=\"nofollow noopener\">Maroc<\/a> au prochain tour.\u00a0<\/p>\n<p class=\"a-read-more\">\u00c0 lire aussi<a href=\"https:\/\/www.france24.com\/fr\/sports\/20260104-can-2025-encore-indomptable-le-cameroun-dispose-de-l-afrique-du-sud-et-file-en-quarts\" target=\"_self\" class=\"a-read-more__link\" rel=\"nofollow noopener\">CAN 2025 : encore indomptable, le Cameroun dispose de l&#8217;Afrique du Sud et file en quarts<\/a><\/p>\n<p>Au programme de la <a href=\"https:\/\/www.france24.com\/fr\/tag\/can-2025\/\" target=\"_self\" rel=\"nofollow noopener\">CAN<\/a> ce lundi : en premi\u00e8re partie, \u00e0 partir de 17 heures, les Pharaons d&#8217;<a href=\"https:\/\/www.france24.com\/fr\/tag\/\u00e9gypte\/\" target=\"_self\" class=\"gtm-add-suggested-tag\" rel=\"nofollow noopener\">\u00c9gypte<\/a> se mesureront aux Gu\u00e9pards du <a href=\"https:\/\/www.france24.com\/fr\/tag\/b\u00e9nin\/\" target=\"_self\" class=\"gtm-add-suggested-tag\" rel=\"nofollow noopener\">B\u00e9nin<\/a>.<\/p>\n<p>En soir\u00e9e, d\u00e8s 20 heures, les Super Eagles du Nig\u00e9ria tenteront de prendre le dessus sur les Mambas du <a href=\"https:\/\/www.france24.com\/fr\/tag\/mozambique\/\" target=\"_self\" class=\"gtm-add-suggested-tag\" rel=\"nofollow noopener\">Mozambique<\/a> pour cl\u00f4turer cette journ\u00e9e prometteuse.<\/p>\n<p>D\u00e9cryptage dans le journal de la CAN de ces premiers huiti\u00e8mes de finale avec Jules Boiteau et ses consultants France 24, Xavier Barret et Herv\u00e9 Kouamouo.\u00a0<\/p>\n<p class=\"o-em-consent__content__text\">Pour afficher ce contenu YouTube, il est n\u00e9cessaire d&#8217;autoriser les cookies de mesure d&#8217;audience et de publicit\u00e9.<\/p>\n<p>        Accepter<br \/>\n        G\u00e9rer mes choix<\/p>\n<p class=\"o-em-adblock__content__text\">Une extension de votre navigateur semble bloquer le chargement du lecteur vid\u00e9o. Pour pouvoir regarder ce contenu, vous devez la d\u00e9sactiver ou la d\u00e9sinstaller.<\/p>\n<p>            R\u00e9essayer<\/p>\n<p><img decoding=\"async\" fetchpriority=\"low\" src=\"https:\/\/www.europesays.com\/africa\/wp-content\/uploads\/2026\/01\/capture-828958405695aeb46a64f62-29591060.jpg\"   width=\"1280\" height=\"720\" alt=\"LE JOURNAL DE LA CAN 04\/01\" loading=\"lazy\" class=\"a-img \"\/><\/p>\n<p>                LE JOURNAL DE LA CAN 04\/01                \u00a9 France 24            <\/p>\n<p>(Pour des questions de droit les personnes se trouvant dans la zone subsaharienne peuvent visionner la vid\u00e9o contenant des images de matchs, se trouvant en bas de la page. Les personnes se trouvant hors zone subsaharienne peuvent visionner la vid\u00e9o en haut de cette page, qui ne contient pas d\u2019images de matchs.)<\/p>\n","protected":false},"excerpt":{"rendered":"A retrouver dans l\u2019\u00e9mission Beaucoup avaient imagin\u00e9 une promenade de sant\u00e9 pour le Maroc face \u00e0 la Tanzanie&hellip;\n","protected":false},"author":2,"featured_media":4009,"comment_status":"","ping_status":"","sticky":false,"template":"","format":"standard","meta":{"footnotes":""},"categories":[41],"tags":[179,2701,158,264],"class_list":{"0":"post-4008","1":"post","2":"type-post","3":"status-publish","4":"format-standard","5":"has-post-thumbnail","7":"category-maroc","8":"tag-can-2025","9":"tag-le-journal-de-la-can","10":"tag-maroc","11":"tag-sports"},"share_on_mastodon":{"url":"","error":""},"_links":{"self":[{"href":"https:\/\/www.europesays.com\/africa\/wp-json\/wp\/v2\/posts\/4008","targetHints":{"allow":["GET"]}}],"collection":[{"href":"https:\/\/www.europesays.com\/africa\/wp-json\/wp\/v2\/posts"}],"about":[{"href":"https:\/\/www.europesays.com\/africa\/wp-json\/wp\/v2\/types\/post"}],"author":[{"embeddable":true,"href":"https:\/\/www.europesays.com\/africa\/wp-json\/wp\/v2\/users\/2"}],"replies":[{"embeddable":true,"href":"https:\/\/www.europesays.com\/africa\/wp-json\/wp\/v2\/comments?post=4008"}],"version-history":[{"count":0,"href":"https:\/\/www.europesays.com\/africa\/wp-json\/wp\/v2\/posts\/4008\/revisions"}],"wp:featuredmedia":[{"embeddable":true,"href":"https:\/\/www.europesays.com\/africa\/wp-json\/wp\/v2\/media\/4009"}],"wp:attachment":[{"href":"https:\/\/www.europesays.com\/africa\/wp-json\/wp\/v2\/media?parent=4008"}],"wp:term":[{"taxonomy":"category","embeddable":true,"href":"https:\/\/www.europesays.com\/africa\/wp-json\/wp\/v2\/categories?post=4008"},{"taxonomy":"post_tag","embeddable":true,"href":"https:\/\/www.europesays.com\/africa\/wp-json\/wp\/v2\/tags?post=4008"}],"curies":[{"name":"wp","href":"https:\/\/api.w.org\/{rel}","templated":true}]}}