{"id":401,"date":"2026-01-03T13:42:07","date_gmt":"2026-01-03T13:42:07","guid":{"rendered":"https:\/\/www.europesays.com\/africa\/401\/"},"modified":"2026-01-03T13:42:07","modified_gmt":"2026-01-03T13:42:07","slug":"vendre-des-cravates-sous-le-menton","status":"publish","type":"post","link":"https:\/\/www.europesays.com\/africa\/401\/","title":{"rendered":"Vendre des cravates sous le menton"},"content":{"rendered":"<p>Ce qu\u2019il prend, le pauvre fruit ! Pourtant, il est m\u00fbr puisque d\u00e9tach\u00e9 de sa branche depuis lurette. Mais non, on veut qu\u2019il pourrisse. Et le voil\u00e0 servi : \u00ab T\u00eate de mule \u00bb, \u00ab suffisant \u00bb, \u00ab hargneux \u00bb, \u00ab versatile \u00bb \u2026 Et pourquoi pas d\u00e9fra\u00eechi, has been, gaga, frip\u00e9\u2026 Il gagne (difficilement), \u00e9galise (honteusement) et n\u2019est que premier de sa poule. Et puis, le voil\u00e0 rugir de nouveau en ce lundi 29 d\u00e9cembre (3-0 contre le Mali), renouer avec un pass\u00e9 extr\u00eamement r\u00e9cent, celui du gain d\u00e9licat. Walid Regragui est cette b\u00eate \u00e0 abattre \u00e0 contrec\u0153ur. Besoin de lui, pas besoin de lui ? Bigre ! Qu\u2019il gagne, un point c\u2019est tout. A tous les coups. Ce que la plan\u00e8te foot ignore depuis sa gen\u00e8se, n\u2019en a souvenance. Le voil\u00e0 r\u00e9habilit\u00e9. Mais criera-ton \u00e0 un syst\u00e8me aux fondations tremblantes ou vendra-t-on des cravates sous le menton ? \u00c7a rappelle furieusement une vanne de l\u2019humoriste marocain Amine Radi \u00e9pinglant l\u2019\u00e9quipe tunisienne. Il dit, grossi\u00e8rement : \u00ab H\u00e9, Vous ! Vous \u00eates l\u00e0 tout le temps, vous participez \u00e0 toutes les coupes mais vous ne gagnez jamais rien ! Et pour les khawakhawa, un sympathique soufflet sous forme d\u2019offense, des explosions \u00e0 r\u00e9p\u00e9titions. A tous les autres, un maximum de bruit, une d\u00e9flagration d\u2019exultation. Quoique qu\u2019il ne faudrait pas aller plus vite que la musique. Un exemple, si cela peut aider : d\u00e9fendre les animaux n\u2019est pas vraiment un acte populaire, vu le nombre de Bardot que compte la plan\u00e8te. Entre temps, les matches se suivent, ne se ressemblent heureusement pas et les \u00e9liminations s\u2019accumulent. Quant aux analystes, aux commentateurs et leurs contradicteurs, ils tapent sur la table en vue de la d\u00e9poussi\u00e9rer des mauvaises ondes pour les uns, du mauvais sort pour les nombreux autres. \u0152il pour \u0153il, mauvais \u0153il pour mauvais \u0153il. Mais jouons positif, la CAN se tient au Maroc et s\u2019y tient bien.<\/p>\n","protected":false},"excerpt":{"rendered":"Ce qu\u2019il prend, le pauvre fruit ! Pourtant, il est m\u00fbr puisque d\u00e9tach\u00e9 de sa branche depuis lurette.&hellip;\n","protected":false},"author":2,"featured_media":402,"comment_status":"","ping_status":"","sticky":false,"template":"","format":"standard","meta":{"footnotes":""},"categories":[41],"tags":[554,553,555,556,563,565,560,567,561,557,162,566,564,558,559,158,562,248,239,310,568],"class_list":{"0":"post-401","1":"post","2":"type-post","3":"status-publish","4":"format-standard","5":"has-post-thumbnail","7":"category-maroc","8":"tag-actualites","9":"tag-actualites-et-infos-au-maroc","10":"tag-actualites-et-infos-mondiale","11":"tag-actualites-marocaines-du-jour","12":"tag-alimentation","13":"tag-analyses","14":"tag-art-de-vivre","15":"tag-chronique","16":"tag-consommation-et-bien-etre","17":"tag-culture","18":"tag-economie","19":"tag-edito","20":"tag-etudes","21":"tag-insolite","22":"tag-loisirs","23":"tag-maroc","24":"tag-mode","25":"tag-politique","26":"tag-societe","27":"tag-sport","28":"tag-tribune"},"share_on_mastodon":{"url":"","error":""},"_links":{"self":[{"href":"https:\/\/www.europesays.com\/africa\/wp-json\/wp\/v2\/posts\/401","targetHints":{"allow":["GET"]}}],"collection":[{"href":"https:\/\/www.europesays.com\/africa\/wp-json\/wp\/v2\/posts"}],"about":[{"href":"https:\/\/www.europesays.com\/africa\/wp-json\/wp\/v2\/types\/post"}],"author":[{"embeddable":true,"href":"https:\/\/www.europesays.com\/africa\/wp-json\/wp\/v2\/users\/2"}],"replies":[{"embeddable":true,"href":"https:\/\/www.europesays.com\/africa\/wp-json\/wp\/v2\/comments?post=401"}],"version-history":[{"count":0,"href":"https:\/\/www.europesays.com\/africa\/wp-json\/wp\/v2\/posts\/401\/revisions"}],"wp:featuredmedia":[{"embeddable":true,"href":"https:\/\/www.europesays.com\/africa\/wp-json\/wp\/v2\/media\/402"}],"wp:attachment":[{"href":"https:\/\/www.europesays.com\/africa\/wp-json\/wp\/v2\/media?parent=401"}],"wp:term":[{"taxonomy":"category","embeddable":true,"href":"https:\/\/www.europesays.com\/africa\/wp-json\/wp\/v2\/categories?post=401"},{"taxonomy":"post_tag","embeddable":true,"href":"https:\/\/www.europesays.com\/africa\/wp-json\/wp\/v2\/tags?post=401"}],"curies":[{"name":"wp","href":"https:\/\/api.w.org\/{rel}","templated":true}]}}