{"id":4020,"date":"2026-01-05T01:36:16","date_gmt":"2026-01-05T01:36:16","guid":{"rendered":"https:\/\/www.europesays.com\/africa\/4020\/"},"modified":"2026-01-05T01:36:16","modified_gmt":"2026-01-05T01:36:16","slug":"le-senegal-passe-en-8es-tout-comme-la-rd-congo","status":"publish","type":"post","link":"https:\/\/www.europesays.com\/africa\/4020\/","title":{"rendered":"Le S\u00e9n\u00e9gal passe en 8es, tout comme la RD Congo"},"content":{"rendered":"<p>  <a class=\"article-swisstxt-event update-immediately\" data-item-id=\"module_link\" data-item-title=\"B\u00e9nin - S\u00e9n\u00e9gal\" href=\"https:\/\/www.rts.ch\/sport\/resultats\/#\/live\/football\/1817459\" rel=\"nofollow noopener\" target=\"_blank\">         <\/a>  <\/p>\n<p>Le S\u00e9n\u00e9gal a termin\u00e9 en t\u00eate du groupe D de la CAN 2025 au Maroc. Il a battu le B\u00e9nin 3-0 pour totaliser 7 points. La RD Congo, victorieuse 3-0 aussi contre le Botswana, finit 2e avec 7 points \u00e9galement. Le B\u00e9nin (3 points) se qualifie aussi parmi les meilleurs troisi\u00e8mes.<\/p>\n<p>Dans le groupe C, le Nigeria -qui \u00e9tait d\u00e9j\u00e0 qualifi\u00e9- a sign\u00e9 un troisi\u00e8me succ\u00e8s cons\u00e9cutif en dominant l&#8217;Ouganda 3-1. La Tunisie s&#8217;est empar\u00e9e du deuxi\u00e8me ticket pour les 8es de finale en faisant 1-1 contre la Tanzanie.<\/p>\n<p class=\"sources\">ats\/tai<\/p>\n<p>   Publi\u00e9 mardi \u00e0 22:22   Modifi\u00e9 mardi \u00e0 22:24  <\/p>\n","protected":false},"excerpt":{"rendered":"Le S\u00e9n\u00e9gal a termin\u00e9 en t\u00eate du groupe D de la CAN 2025 au Maroc. Il a battu&hellip;\n","protected":false},"author":2,"featured_media":4021,"comment_status":"","ping_status":"","sticky":false,"template":"","format":"standard","meta":{"footnotes":""},"categories":[48],"tags":[654,3229,3230,311,159],"class_list":{"0":"post-4020","1":"post","2":"type-post","3":"status-publish","4":"format-standard","5":"has-post-thumbnail","7":"category-senegal","8":"tag-benin","9":"tag-benin-senegal","10":"tag-coupe-dafrique-des-nations-phase-de-groupes-groupe-d","11":"tag-football","12":"tag-senegal"},"share_on_mastodon":{"url":"","error":""},"_links":{"self":[{"href":"https:\/\/www.europesays.com\/africa\/wp-json\/wp\/v2\/posts\/4020","targetHints":{"allow":["GET"]}}],"collection":[{"href":"https:\/\/www.europesays.com\/africa\/wp-json\/wp\/v2\/posts"}],"about":[{"href":"https:\/\/www.europesays.com\/africa\/wp-json\/wp\/v2\/types\/post"}],"author":[{"embeddable":true,"href":"https:\/\/www.europesays.com\/africa\/wp-json\/wp\/v2\/users\/2"}],"replies":[{"embeddable":true,"href":"https:\/\/www.europesays.com\/africa\/wp-json\/wp\/v2\/comments?post=4020"}],"version-history":[{"count":0,"href":"https:\/\/www.europesays.com\/africa\/wp-json\/wp\/v2\/posts\/4020\/revisions"}],"wp:featuredmedia":[{"embeddable":true,"href":"https:\/\/www.europesays.com\/africa\/wp-json\/wp\/v2\/media\/4021"}],"wp:attachment":[{"href":"https:\/\/www.europesays.com\/africa\/wp-json\/wp\/v2\/media?parent=4020"}],"wp:term":[{"taxonomy":"category","embeddable":true,"href":"https:\/\/www.europesays.com\/africa\/wp-json\/wp\/v2\/categories?post=4020"},{"taxonomy":"post_tag","embeddable":true,"href":"https:\/\/www.europesays.com\/africa\/wp-json\/wp\/v2\/tags?post=4020"}],"curies":[{"name":"wp","href":"https:\/\/api.w.org\/{rel}","templated":true}]}}