{"id":4036,"date":"2026-01-05T01:51:07","date_gmt":"2026-01-05T01:51:07","guid":{"rendered":"https:\/\/www.europesays.com\/africa\/4036\/"},"modified":"2026-01-05T01:51:07","modified_gmt":"2026-01-05T01:51:07","slug":"rencontre-cette-semaine-entre-les-pm-mauritanien-et-senegalais","status":"publish","type":"post","link":"https:\/\/www.europesays.com\/africa\/4036\/","title":{"rendered":"Rencontre cette semaine entre les PM mauritanien et s\u00e9n\u00e9galais"},"content":{"rendered":"<p>Le Premier ministre mauritanien Mokhtar Ould Djay effectuera cette semaine, \u00e0 partir de jeudi 8 janvier prochain, une visite officielle de trois jours dans la capitale s\u00e9n\u00e9galaise Dakar, indiquent des sources g\u00e9n\u00e9ralement bien inform\u00e9es.<\/p>\n<p><a href=\"http:\/\/bit.ly\/jnewsio\" aria-label=\"Visit advertisement link\" target=\"_blank\" rel=\"nofollow noopener\" class=\"adlink ads_image align-right\"><br \/>\n                                    <img loading=\"lazy\" decoding=\"async\" data-recalc-dims=\"1\" width=\"300\" height=\"250\" class=\"lazyload\" src=\"https:\/\/www.europesays.com\/africa\/wp-content\/uploads\/2026\/01\/ad_300x250.jpg\" alt=\"\" data-pin-no-hover=\"true\"\/><br \/>\n                                <\/a><\/p>\n<p>Ce voyage du Premier ministre mauritanien intervient apr\u00e8s le report d\u2019un premier d\u00e9placement, initialement pr\u00e9vu en novembre 2025.\u00a0<\/p>\n<p>Le Chef du gouvernement mauritanien sera \u00e0 la t\u00eate d\u2019une importante d\u00e9l\u00e9gation compos\u00e9e de ministres et d\u2019hommes d\u2019affaires en vue de renforcer la coop\u00e9ration dans des domaines strat\u00e9giques entre les deux pays, rapporte le magazine \u00ab\u00a0Confidentiel Afrique\u00a0\u00bb.\u00a0<\/p>\n<p>\u00a0Depuis sa nomination le 2 ao\u00fbt 2024 \u00e0 la t\u00eate du gouvernement par le Pr\u00e9sident Mohamed Ould Cheikh El-Ghazouani au terme de sa r\u00e9\u00e9lection pour un deuxi\u00e8me quinquennat, le Premier ministre Moctar Ould Diay entamera sa premi\u00e8re visite au S\u00e9n\u00e9gal dans un \u00e9lan de continuit\u00e9 de la coop\u00e9ration exemplaire qu\u2019entretiennent les deux \u00c9tats.<\/p>\n<p>\u00a0Il est important de rappeler que le Premier ministre s\u00e9n\u00e9galais Ousmane Sonko avait d\u00e9j\u00e0 effectu\u00e9 une visite officielle en Mauritanie, du 12 au 14 janvier 2025.\u00a0<\/p>\n<p>Un s\u00e9jour qui s\u2019inscrit dans le cadre du renforcement des liens qui unissent le S\u00e9n\u00e9gal \u00e0 la Mauritanie. Il avait \u00e9t\u00e9 tr\u00e8s bien accueilli par son homologue mauritanien Moctar Ould Diay. Plusieurs accords strat\u00e9giques (transports, \u00e9nergie, s\u00e9curit\u00e9, p\u00eache et immigration ) avaient \u00e9t\u00e9 sign\u00e9s entre Nouakchott et Dakar, en marge de cette visite d\u2019amiti\u00e9 et de travail du Premier ministre Ousmane Sonko.\u00a0<\/p>\n<p>Ces bons proc\u00e9d\u00e9s \u00ab diplomatiques \u00bb constituent un tournant majeur dans la gestion des grands dossiers sur l\u2019axe Nouakchott- Dakar.<\/p>\n<p>\n\tSimilaire<\/p>\n","protected":false},"excerpt":{"rendered":"Le Premier ministre mauritanien Mokhtar Ould Djay effectuera cette semaine, \u00e0 partir de jeudi 8 janvier prochain, une&hellip;\n","protected":false},"author":2,"featured_media":4037,"comment_status":"","ping_status":"","sticky":false,"template":"","format":"standard","meta":{"footnotes":""},"categories":[48],"tags":[3237,3238,159],"class_list":{"0":"post-4036","1":"post","2":"type-post","3":"status-publish","4":"format-standard","5":"has-post-thumbnail","7":"category-senegal","8":"tag-cooperation","9":"tag-diay","10":"tag-senegal"},"share_on_mastodon":{"url":"","error":""},"_links":{"self":[{"href":"https:\/\/www.europesays.com\/africa\/wp-json\/wp\/v2\/posts\/4036","targetHints":{"allow":["GET"]}}],"collection":[{"href":"https:\/\/www.europesays.com\/africa\/wp-json\/wp\/v2\/posts"}],"about":[{"href":"https:\/\/www.europesays.com\/africa\/wp-json\/wp\/v2\/types\/post"}],"author":[{"embeddable":true,"href":"https:\/\/www.europesays.com\/africa\/wp-json\/wp\/v2\/users\/2"}],"replies":[{"embeddable":true,"href":"https:\/\/www.europesays.com\/africa\/wp-json\/wp\/v2\/comments?post=4036"}],"version-history":[{"count":0,"href":"https:\/\/www.europesays.com\/africa\/wp-json\/wp\/v2\/posts\/4036\/revisions"}],"wp:featuredmedia":[{"embeddable":true,"href":"https:\/\/www.europesays.com\/africa\/wp-json\/wp\/v2\/media\/4037"}],"wp:attachment":[{"href":"https:\/\/www.europesays.com\/africa\/wp-json\/wp\/v2\/media?parent=4036"}],"wp:term":[{"taxonomy":"category","embeddable":true,"href":"https:\/\/www.europesays.com\/africa\/wp-json\/wp\/v2\/categories?post=4036"},{"taxonomy":"post_tag","embeddable":true,"href":"https:\/\/www.europesays.com\/africa\/wp-json\/wp\/v2\/tags?post=4036"}],"curies":[{"name":"wp","href":"https:\/\/api.w.org\/{rel}","templated":true}]}}