{"id":4052,"date":"2026-01-05T02:07:24","date_gmt":"2026-01-05T02:07:24","guid":{"rendered":"https:\/\/www.europesays.com\/africa\/4052\/"},"modified":"2026-01-05T02:07:24","modified_gmt":"2026-01-05T02:07:24","slug":"can-2025-rabat-celebre-la-qualification-difficile-du-maroc-pour-les-quarts","status":"publish","type":"post","link":"https:\/\/www.europesays.com\/africa\/4052\/","title":{"rendered":"CAN-2025: Rabat c\u00e9l\u00e8bre la qualification difficile du Maroc pour les quarts"},"content":{"rendered":"<p class=\"mb-4 text-lg md:leading-8 break-words\">&#8220;Un gros bisou \u00e0 Brahim D\u00edaz&#8221;: plusieurs centaines de personnes ont c\u00e9l\u00e9br\u00e9 dimanche soir \u00e0 Rabat la victoire \u00e0 l&#8217;arrach\u00e9 du Maroc face \u00e0 la Tanzanie (1-0) qui a envoy\u00e9 les Lions de l&#8217;Atlas en quarts de finale de la Coupe d&#8217;Afrique des nations (CAN).<\/p>\n<p class=\"mb-4 text-lg md:leading-8 break-words\">&#8220;C&#8217;\u00e9tait magnifique, bravo \u00e0 notre s\u00e9lection marocaine, nous sommes fiers d&#8217;elle et le peuple veut la Coupe d&#8217;Afrique&#8221;, s&#8217;enthousiasme aupr\u00e8s de l&#8217;AFP la jeune Alae El Kettani \u00e0 la sortie du stade Moulay Abdellah.<\/p>\n<p class=\"mb-4 text-lg md:leading-8 break-words\">Un peu plus loin, dans l&#8217;effervescence de la foule, Said Al Waghi, venu sp\u00e9cialement de Montpellier (sud de la France), glisse en souriant: &#8220;Un gros bisou \u00e0 Brahim D\u00edaz et \u00e0 toute l&#8217;\u00e9quipe marocaine!&#8221;<\/p>\n<p class=\"mb-4 text-lg md:leading-8 break-words\">Les Lions de l&#8217;Atlas ont fini par faire sauter le verrou tanzanien en seconde p\u00e9riode gr\u00e2ce \u00e0 Brahim D\u00edaz (64e), d\u00e9sormais meilleur buteur de la comp\u00e9tition avec quatre r\u00e9alisations.<\/p>\n<p class=\"mb-4 text-lg md:leading-8 break-words\">Imm\u00e9diatement apr\u00e8s le coup de sifflet final, un vacarme de klaxons et de vuvuzelas a envahi le centre de Rabat. Des grappes de voitures se sont immobilis\u00e9es pr\u00e8s de fans dansant aux cris de &#8220;Vive le Maroc&#8221;.<\/p>\n<p class=\"mb-4 text-lg md:leading-8 break-words\">Si l&#8217;ambiance \u00e9tait majoritairement festive, certains supporters ont critiqu\u00e9 la prestation marocaine.<\/p>\n<p class=\"mb-4 text-lg md:leading-8 break-words\">Said Nadir, un tatoueur de 33 ans, s&#8217;est dit &#8220;d\u00e9\u00e7u du match&#8221; et de l&#8217;absence du milieu Azzedine Ounahi, qui souffre d&#8217;une d\u00e9chirure \u00e0 un mollet et ne pourra pas disputer le reste de la CAN.<\/p>\n<p class=\"mb-4 text-lg md:leading-8 break-words\">Sans \u00eatre &#8220;convaincu&#8221; que le Maroc puisse aller jusqu&#8217;au bout, il rappelle que &#8220;la majorit\u00e9 des \u00e9quipes qui ont gagn\u00e9 la CAN avant nous n&#8217;ont pas toujours fait forc\u00e9ment des sans-faute&#8221;.<\/p>\n<p class=\"mb-4 text-lg md:leading-8 break-words\">&#8220;On n&#8217;a pas besoin de gagner 2-0 ou 3-0, le plus important, c&#8217;est de gagner&#8221;, r\u00e9torque Omar Berni, 27 ans, un artiste marocain descendu dans la rue apr\u00e8s avoir suivi le match \u00e0 la t\u00e9l\u00e9vision avec des amis.<\/p>\n<p class=\"mb-4 text-lg md:leading-8 break-words\">Hamza Ouakil, un professeur de surf marocain de 26 ans, se dit &#8220;confiant&#8221;, tout en reconnaissant que la s\u00e9lection devra encore affronter plusieurs \u00e9quipes &#8220;fortes&#8221;.<\/p>\n<p class=\"mb-4 text-lg md:leading-8 break-words\">&#8220;C&#8217;est difficile de jouer la Coupe d&#8217;Afrique parce que le rythme est \u00e9lev\u00e9, la contre-attaque est forte, les joueurs sont rapides, et \u00e7a pr\u00e9vaut sur la tactique.&#8221;<\/p>\n<p class=\"mb-4 text-lg md:leading-8 break-words\">Vendredi, le Maroc affrontera l&#8217;Afrique du Sud ou le Cameroun, qui s&#8217;opposent dans la soir\u00e9e \u00e0 Rabat, avec l&#8217;espoir de se rapprocher d&#8217;un deuxi\u00e8me sacre continental, apr\u00e8s celui remport\u00e9 en 1976.<\/p>\n<p class=\"mb-4 text-lg md:leading-8 break-words\">vid-anr\/lh\/fka\/ah<\/p>\n","protected":false},"excerpt":{"rendered":"&#8220;Un gros bisou \u00e0 Brahim D\u00edaz&#8221;: plusieurs centaines de personnes ont c\u00e9l\u00e9br\u00e9 dimanche soir \u00e0 Rabat la victoire&hellip;\n","protected":false},"author":2,"featured_media":4053,"comment_status":"","ping_status":"","sticky":false,"template":"","format":"standard","meta":{"footnotes":""},"categories":[41],"tags":[166,3248,3246,158,724,3247],"class_list":{"0":"post-4052","1":"post","2":"type-post","3":"status-publish","4":"format-standard","5":"has-post-thumbnail","7":"category-maroc","8":"tag-brahim-diaz","9":"tag-la-tanzanie","10":"tag-lions-de-l39atlas","11":"tag-maroc","12":"tag-rabat","13":"tag-sud-de-la-france"},"share_on_mastodon":{"url":"","error":""},"_links":{"self":[{"href":"https:\/\/www.europesays.com\/africa\/wp-json\/wp\/v2\/posts\/4052","targetHints":{"allow":["GET"]}}],"collection":[{"href":"https:\/\/www.europesays.com\/africa\/wp-json\/wp\/v2\/posts"}],"about":[{"href":"https:\/\/www.europesays.com\/africa\/wp-json\/wp\/v2\/types\/post"}],"author":[{"embeddable":true,"href":"https:\/\/www.europesays.com\/africa\/wp-json\/wp\/v2\/users\/2"}],"replies":[{"embeddable":true,"href":"https:\/\/www.europesays.com\/africa\/wp-json\/wp\/v2\/comments?post=4052"}],"version-history":[{"count":0,"href":"https:\/\/www.europesays.com\/africa\/wp-json\/wp\/v2\/posts\/4052\/revisions"}],"wp:featuredmedia":[{"embeddable":true,"href":"https:\/\/www.europesays.com\/africa\/wp-json\/wp\/v2\/media\/4053"}],"wp:attachment":[{"href":"https:\/\/www.europesays.com\/africa\/wp-json\/wp\/v2\/media?parent=4052"}],"wp:term":[{"taxonomy":"category","embeddable":true,"href":"https:\/\/www.europesays.com\/africa\/wp-json\/wp\/v2\/categories?post=4052"},{"taxonomy":"post_tag","embeddable":true,"href":"https:\/\/www.europesays.com\/africa\/wp-json\/wp\/v2\/tags?post=4052"}],"curies":[{"name":"wp","href":"https:\/\/api.w.org\/{rel}","templated":true}]}}