{"id":4091,"date":"2026-01-05T02:48:18","date_gmt":"2026-01-05T02:48:18","guid":{"rendered":"https:\/\/www.europesays.com\/africa\/4091\/"},"modified":"2026-01-05T02:48:18","modified_gmt":"2026-01-05T02:48:18","slug":"unite-nationale-justice-sociale-et-plaidoyer-pour-les-causes-islamiques-et-humanitaires","status":"publish","type":"post","link":"https:\/\/www.europesays.com\/africa\/4091\/","title":{"rendered":"unit\u00e9 nationale, justice sociale et plaidoyer pour les causes islamiques et humanitaires"},"content":{"rendered":"<p style=\"text-align: justify;\">R\u00e9uni en Conseil national le 1\u1d49\u02b3 janvier 2026 \u00e0 Dakar, le Rassemblement Islamique du S\u00e9n\u00e9gal (RIS Alwahda) s\u2019est f\u00e9licit\u00e9 du bon d\u00e9roulement de son 4\u1d49 Congr\u00e8s, tenu en avril 2025, saluant le travail du Comit\u00e9 pr\u00e9paratoire dont l\u2019organisation et la mobilisation ont permis la r\u00e9ussite de ce rendez-vous majeur. <\/p>\n<p style=\"text-align: justify;\">Dans un communiqu\u00e9 exploit\u00e9 par la r\u00e9daction de Dakaractu, le mouvement a r\u00e9affirm\u00e9 sa d\u00e9termination \u00e0 consolider la dynamique interne, appelant l\u2019ensemble de ses structures \u00e0 renforcer la coh\u00e9sion, la discipline et le sens du service, valeurs fondatrices du RIS Alwahda. <\/p>\n<p style=\"text-align: justify;\">Sur le plan national, le RIS Alwahda a encourag\u00e9 les nouvelles autorit\u00e9s du S\u00e9n\u00e9gal \u00e0 gouverner dans l\u2019unit\u00e9, l\u2019efficacit\u00e9 et la responsabilit\u00e9, \u00e0 la hauteur des sacrifices consentis par les populations. Il les invite \u00e0 placer l\u2019int\u00e9r\u00eat g\u00e9n\u00e9ral au-dessus des clivages, \u00e0 pr\u00e9server la paix sociale, \u00e0 consolider l\u2019\u00c9tat de droit et \u00e0 r\u00e9pondre avec diligence aux urgences \u00e9conomiques et sociales qui affectent les m\u00e9nages. <\/p>\n<p style=\"text-align: justify;\">Le mouvement note avec satisfaction les baisses de prix de certaines denr\u00e9es et de l\u2019\u00e9nergie, tout en appelant \u00e0 leur consolidation \u00e0 travers des politiques durables de justice sociale. <\/p>\n<p style=\"text-align: justify;\">Le RIS Alwahda a salu\u00e9 la cr\u00e9ation, au sein de la Pr\u00e9sidence de la R\u00e9publique, d\u2019une Direction des Affaires religieuses, qu\u2019il consid\u00e8re comme une avanc\u00e9e importante. Il appelle toutefois \u00e0 aller plus loin avec la mise en place d\u2019une D\u00e9l\u00e9gation aux affaires religieuses dot\u00e9e de moyens et d\u2019un plan d\u2019action clair, devant aboutir \u00e0 un Conseil sup\u00e9rieur des affaires islamiques. <\/p>\n<p style=\"text-align: justify;\">Par ailleurs, le mouvement a f\u00e9licit\u00e9 le Ministre de l\u2019\u00c9ducation nationale ainsi que l\u2019ensemble des acteurs des Daara pour le d\u00e9marrage effectif des Assises nationales des Daara, jug\u00e9es porteuses d\u2019espoir. Il estime que ce cadre constitue une \u00e9tape d\u00e9cisive pour renforcer l\u2019encadrement p\u00e9dagogique et social des Daara, lutter contre certaines formes d\u2019exploitation des enfants et garantir leur dignit\u00e9, leur protection et leur droit \u00e0 une \u00e9ducation compl\u00e8te. <\/p>\n<p>\u00a0<\/p>\n<p>      M\u00e9dias, jeunesse et coh\u00e9sion sociale  \u00a0    <\/p>\n<p style=\"text-align: justify;\">Le RIS Alwahda a mis en garde contre les d\u00e9rives qui fragilisent la coh\u00e9sion nationale et la morale collective, appelant \u00e0 une responsabilit\u00e9 accrue des m\u00e9dias et des plateformes num\u00e9riques face \u00e0 la banalisation de contenus jug\u00e9s ind\u00e9cents, notamment la nudit\u00e9 et l\u2019hypersexualisation. Il a insist\u00e9 sur la n\u00e9cessit\u00e9 de prot\u00e9ger les jeunes et de renforcer l\u2019\u00e9ducation aux m\u00e9dias et au num\u00e9rique. <br \/>\u00a0 <\/p>\n<p>Position sur les crises internationales  \u00a0    <\/p>\n<p style=\"text-align: justify;\">\u00c0 l\u2019\u00e9chelle africaine et mondiale, le RIS Alwahda a condamn\u00e9 tout recul d\u00e9mocratique et toute prise de pouvoir contraire \u00e0 la volont\u00e9 des peuples. Il a exprim\u00e9 sa solidarit\u00e9 avec les populations victimes de l\u2019extr\u00e9misme, de l\u2019ins\u00e9curit\u00e9 et de la pauvret\u00e9, attirant particuli\u00e8rement l\u2019attention sur la grave crise au Soudan, notamment les atrocit\u00e9s de masse au Darfour, qualifi\u00e9es de g\u00e9nocide. <\/p>\n<p style=\"text-align: justify;\">Le mouvement a \u00e9galement d\u00e9nonc\u00e9 les replis identitaires et les logiques de confrontation qui menacent la paix mondiale, appelant les puissances internationales \u00e0 privil\u00e9gier la diplomatie et la retenue. <\/p>\n<p style=\"text-align: justify;\">Enfin, le RIS Alwahda a condamn\u00e9 avec fermet\u00e9 ce qu\u2019il qualifie de g\u00e9nocide perp\u00e9tr\u00e9 contre le peuple palestinien, d\u00e9non\u00e7ant le blocus de Gaza, les violences en Cisjordanie et la colonisation, qu\u2019il consid\u00e8re comme des violations graves du droit international. Il interpelle la communaut\u00e9 internationale pour des actions urgentes : protection des civils, fin du blocus, arr\u00eat des violences et reconnaissance effective des droits du peuple palestinien. <\/p>\n<p style=\"text-align: justify;\">Concluant sa d\u00e9claration, le RIS Alwahda a appel\u00e9 \u00e0 une \u00e9l\u00e9vation de la conscience humaine, estimant que la paix et le d\u00e9veloppement ne peuvent se construire sans justice, solidarit\u00e9 et respect mutuel. <\/p>\n","protected":false},"excerpt":{"rendered":"R\u00e9uni en Conseil national le 1\u1d49\u02b3 janvier 2026 \u00e0 Dakar, le Rassemblement Islamique du S\u00e9n\u00e9gal (RIS Alwahda) s\u2019est&hellip;\n","protected":false},"author":2,"featured_media":4092,"comment_status":"","ping_status":"","sticky":false,"template":"","format":"standard","meta":{"footnotes":""},"categories":[48],"tags":[64,274,279,273,277,278,271,281,283,272,280,276,275,159,282],"class_list":{"0":"post-4091","1":"post","2":"type-post","3":"status-publish","4":"format-standard","5":"has-post-thumbnail","7":"category-senegal","8":"tag-afrique","9":"tag-aliou-cisse","10":"tag-amadou-ba","11":"tag-apr","12":"tag-bassirou-diomaye-faye","13":"tag-bathelemy-dias","14":"tag-dakar","15":"tag-el-malick-ndiaye","16":"tag-guy-marius-sagna","17":"tag-macky-sall","18":"tag-madiambal-diagne","19":"tag-ousmane-sonko","20":"tag-pastef","21":"tag-senegal","22":"tag-ziguinchor"},"share_on_mastodon":{"url":"","error":""},"_links":{"self":[{"href":"https:\/\/www.europesays.com\/africa\/wp-json\/wp\/v2\/posts\/4091","targetHints":{"allow":["GET"]}}],"collection":[{"href":"https:\/\/www.europesays.com\/africa\/wp-json\/wp\/v2\/posts"}],"about":[{"href":"https:\/\/www.europesays.com\/africa\/wp-json\/wp\/v2\/types\/post"}],"author":[{"embeddable":true,"href":"https:\/\/www.europesays.com\/africa\/wp-json\/wp\/v2\/users\/2"}],"replies":[{"embeddable":true,"href":"https:\/\/www.europesays.com\/africa\/wp-json\/wp\/v2\/comments?post=4091"}],"version-history":[{"count":0,"href":"https:\/\/www.europesays.com\/africa\/wp-json\/wp\/v2\/posts\/4091\/revisions"}],"wp:featuredmedia":[{"embeddable":true,"href":"https:\/\/www.europesays.com\/africa\/wp-json\/wp\/v2\/media\/4092"}],"wp:attachment":[{"href":"https:\/\/www.europesays.com\/africa\/wp-json\/wp\/v2\/media?parent=4091"}],"wp:term":[{"taxonomy":"category","embeddable":true,"href":"https:\/\/www.europesays.com\/africa\/wp-json\/wp\/v2\/categories?post=4091"},{"taxonomy":"post_tag","embeddable":true,"href":"https:\/\/www.europesays.com\/africa\/wp-json\/wp\/v2\/tags?post=4091"}],"curies":[{"name":"wp","href":"https:\/\/api.w.org\/{rel}","templated":true}]}}