{"id":4093,"date":"2026-01-05T02:49:38","date_gmt":"2026-01-05T02:49:38","guid":{"rendered":"https:\/\/www.europesays.com\/africa\/4093\/"},"modified":"2026-01-05T02:49:38","modified_gmt":"2026-01-05T02:49:38","slug":"le-maroc-saccroche-a-son-reve-continental","status":"publish","type":"post","link":"https:\/\/www.europesays.com\/africa\/4093\/","title":{"rendered":"le Maroc s\u2019accroche \u00e0 son r\u00eave continental"},"content":{"rendered":"<p>Les Lions de l\u2019Atlas avancent, parfois \u00e0 pas compt\u00e9s, mais avancent toujours. Pays h\u00f4te et grand favori de la CAN 2025, le Maroc a valid\u00e9 son billet pour les quarts de finale en venant \u00e0 bout d\u2019une accrocheuse \u00e9quipe de Tanzanie, dimanche 4 janvier \u00e0 Rabat (1-0). Une victoire \u00e9triqu\u00e9e, laborieuse, mais \u00f4 combien pr\u00e9cieuse dans une comp\u00e9tition o\u00f9 seule la survie compte.<\/p>\n<p>Dans un stade acquis \u00e0 sa cause, le royaume ch\u00e9rifien a longtemps dout\u00e9. Dominant dans le jeu, souverain dans la possession, <a href=\"https:\/\/www.youtube.com\/watch?v=mSCkpZ8gTR0\" target=\"_blank\" rel=\"noopener nofollow\">le Maroc s\u2019est pourtant heurt\u00e9 \u00e0 une Tanzanie sans complexe<\/a>, disciplin\u00e9e et dangereuse en contre. D\u00e8s la 3e minute, Saimon Msuva faisait frissonner les tribunes, rappelant aux Marocains les traumatismes encore frais de l\u2019\u00e9dition 2023, quitt\u00e9e pr\u00e9matur\u00e9ment d\u00e8s les huiti\u00e8mes de finale.<\/p>\n<p>Malmen\u00e9s, parfois maladroits, les hommes de Walid Regragui ont pein\u00e9 \u00e0 transformer leur sup\u00e9riorit\u00e9 en occasions nettes. Il a fallu attendre l\u2019\u00e9clair de Brahim Diaz pour que la nuit se d\u00e9chire enfin. \u00c0 la 60e minute, le joueur du Real Madrid, d\u00e9j\u00e0 d\u00e9cisif tout au long du tournoi, a surgi dans un angle ferm\u00e9 pour d\u00e9cocher une frappe imparable, apr\u00e8s une combinaison avec Achraf Hakimi. Son quatri\u00e8me but de la comp\u00e9tition, synonyme de d\u00e9livrance pour tout un peuple.<\/p>\n<p>Hakimi, justement, titularis\u00e9 pour la premi\u00e8re fois dans cette CAN, a incarn\u00e9 ce leadership attendu dans les moments cl\u00e9s. Capitaine exemplaire, il n\u2019a manqu\u00e9 que la r\u00e9ussite pour \u00eatre le h\u00e9ros total de la soir\u00e9e, son coup franc venant s\u2019\u00e9craser sur la transversale quelques minutes plus t\u00f4t. Un symbole d\u2019un match o\u00f9 le Maroc a souvent flirt\u00e9 avec la frustration.<\/p>\n<p>Car la qualification aurait pu basculer dans le temps additionnel. Sur un contact plus que litigieux entre Adam Masina et Iddy Seleman Nado, la Tanzanie a r\u00e9clam\u00e9 un penalty qui aurait pu changer le cours de l\u2019histoire. L\u2019arbitrage vid\u00e9o est rest\u00e9 silencieux, laissant Rabat exploser de soulagement au coup de sifflet final.<\/p>\n<p>Sous pression depuis le premier jour de cette CAN organis\u00e9e \u00e0 domicile, le Maroc poursuit sa marche, conscient que chaque tour sera plus exigeant que le pr\u00e9c\u00e9dent. En atteignant les quarts de finale, les Lions de l\u2019Atlas font d\u00e9j\u00e0 mieux que lors de la pr\u00e9c\u00e9dente \u00e9dition, mais l\u2019ambition est ailleurs. Cinquante ans apr\u00e8s leur unique sacre continental, les Marocains r\u00eavent de renouer avec l\u2019histoire.<\/p>\n<p>Prochaine \u00e9tape : un quart de finale face au Cameroun ou \u00e0 l\u2019Afrique du Sud. Un obstacle de taille, quel qu\u2019il soit. Mais \u00e0 ce stade de la comp\u00e9tition, le Maroc sait qu\u2019il ne s\u2019agit plus seulement de bien jouer. Il s\u2019agit de gagner, co\u00fbte que co\u00fbte. Et de continuer \u00e0 faire rugir l\u2019Atlas.<\/p>\n<p><img data-lazyloaded=\"1\" fetchpriority=\"high\" decoding=\"async\" class=\"alignnone size-full wp-image-208595\" src=\"https:\/\/www.europesays.com\/africa\/wp-content\/uploads\/2026\/01\/huitiemes-caf.jpg\" alt=\"\" width=\"1024\" height=\"577\"  data-\/><\/p>\n<p>\u00a0<\/p>\n<p>&gt;&gt; A lire aussi :\u00a0<\/p>\n<p><a href=\"https:\/\/www.lecourrierdelatlas.com\/can-2025-le-mali-sort-la-tunisie-aux-tirs-au-but-un-match-fou-jusquau-bout\/\" rel=\"nofollow noopener\" target=\"_blank\">CAN 2025 : le Mali sort la Tunisie aux tirs<\/a><\/p>\n<p><a href=\"https:\/\/www.lecourrierdelatlas.com\/maroc-algerie-le-match-qui-fait-rever-et-qui-inquiete\/\" target=\"_blank\" rel=\"noopener nofollow\">Maroc\u2013Alg\u00e9rie, le match qui fait r\u00eaver\u2026 et qui inqui\u00e8te<\/a><\/p>\n<p><a href=\"https:\/\/www.lecourrierdelatlas.com\/can-2025-lalgerie-avance-sans-bruit-mais-avec-autorite\/\" rel=\"nofollow noopener\" target=\"_blank\">CAN 2025 \u2013 L\u2019Alg\u00e9rie avance sans bruit, mais avec autorit\u00e9<\/a><\/p>\n<p><a href=\"https:\/\/www.lecourrierdelatlas.com\/la-fifa-salue-un-excellent-millesime-2025-du-football-marocain\/\" target=\"_blank\" rel=\"noopener nofollow\">La FIFA salue un excellent mill\u00e9sime 2025 du football marocain<\/a><\/p>\n<p>\u00a0<\/p>\n","protected":false},"excerpt":{"rendered":"Les Lions de l\u2019Atlas avancent, parfois \u00e0 pas compt\u00e9s, mais avancent toujours. Pays h\u00f4te et grand favori de&hellip;\n","protected":false},"author":2,"featured_media":4094,"comment_status":"","ping_status":"","sticky":false,"template":"","format":"standard","meta":{"footnotes":""},"categories":[41],"tags":[166,179,940,3254,719,941,720,158,3255,2077,1114,413],"class_list":{"0":"post-4093","1":"post","2":"type-post","3":"status-publish","4":"format-standard","5":"has-post-thumbnail","7":"category-maroc","8":"tag-brahim-diaz","9":"tag-can-2025","10":"tag-coupe-dafrique-des-nations","11":"tag-equipe-du-maroc-de-football","12":"tag-football-africain","13":"tag-huitiemes-de-finale","14":"tag-lions-de-latlas","15":"tag-maroc","16":"tag-qualification","17":"tag-quarts-de-finale","18":"tag-tanzanie","19":"tag-walid-regragui"},"share_on_mastodon":{"url":"","error":""},"_links":{"self":[{"href":"https:\/\/www.europesays.com\/africa\/wp-json\/wp\/v2\/posts\/4093","targetHints":{"allow":["GET"]}}],"collection":[{"href":"https:\/\/www.europesays.com\/africa\/wp-json\/wp\/v2\/posts"}],"about":[{"href":"https:\/\/www.europesays.com\/africa\/wp-json\/wp\/v2\/types\/post"}],"author":[{"embeddable":true,"href":"https:\/\/www.europesays.com\/africa\/wp-json\/wp\/v2\/users\/2"}],"replies":[{"embeddable":true,"href":"https:\/\/www.europesays.com\/africa\/wp-json\/wp\/v2\/comments?post=4093"}],"version-history":[{"count":0,"href":"https:\/\/www.europesays.com\/africa\/wp-json\/wp\/v2\/posts\/4093\/revisions"}],"wp:featuredmedia":[{"embeddable":true,"href":"https:\/\/www.europesays.com\/africa\/wp-json\/wp\/v2\/media\/4094"}],"wp:attachment":[{"href":"https:\/\/www.europesays.com\/africa\/wp-json\/wp\/v2\/media?parent=4093"}],"wp:term":[{"taxonomy":"category","embeddable":true,"href":"https:\/\/www.europesays.com\/africa\/wp-json\/wp\/v2\/categories?post=4093"},{"taxonomy":"post_tag","embeddable":true,"href":"https:\/\/www.europesays.com\/africa\/wp-json\/wp\/v2\/tags?post=4093"}],"curies":[{"name":"wp","href":"https:\/\/api.w.org\/{rel}","templated":true}]}}