{"id":4122,"date":"2026-01-05T03:16:14","date_gmt":"2026-01-05T03:16:14","guid":{"rendered":"https:\/\/www.europesays.com\/africa\/4122\/"},"modified":"2026-01-05T03:16:14","modified_gmt":"2026-01-05T03:16:14","slug":"senegal-zac-mbao-arrestation-de-3-individus-impliques-dans-une-guerre-des-petards-police","status":"publish","type":"post","link":"https:\/\/www.europesays.com\/africa\/4122\/","title":{"rendered":"S\u00e9n\u00e9gal: Zac Mbao &#8211; Arrestation de 3 individus impliqu\u00e9s dans une \u00ab guerre des p\u00e9tards \u00bb (Police)"},"content":{"rendered":"<p class=\"story-body-text\" data-para-word-count=\"37\">Dakar \u2014 La Police nationale a annonc\u00e9, samedi, sur sa page X, l&#8217;arrestation de trois individus \u00e0 Zac Mbao, dans la banlieue de Dakar, consid\u00e9rant qu&#8217;ils sont impliqu\u00e9s dans ce jeu dangereux appel\u00e9 la \u00ab guerre des p\u00e9tards \u00bb.<\/p>\n<p class=\"story-body-text\" data-para-word-count=\"51\">\u00ab Le commissariat [de Zac Mbao] a interpell\u00e9 3 individus pour mise en danger de la vie d&#8217;autrui. Suite \u00e0 une vid\u00e9o virale de +guerre des p\u00e9tards+ dans une p\u00e2tisserie, le 31 d\u00e9cembre, les auteurs (employ\u00e9s de l&#8217;\u00e9tablissement) ont \u00e9t\u00e9 identifi\u00e9s et plac\u00e9s en garde \u00e0 vue \u00bb, pr\u00e9cise la source.<\/p>\n<p class=\"story-body-text\" data-para-word-count=\"46\">Dans un communiqu\u00e9 en date du 26 d\u00e9cembre, le ministre de l&#8217;Int\u00e9rieur et de la S\u00e9curit\u00e9 publique, Mouhamadou Bamba Ciss\u00e9, avait mis en garde contre cette \u00ab pratique urbaine de plus en plus inqui\u00e9tante \u00bb, avec des \u00e9changes de p\u00e9tards \u00e0 la veille du Nouvel An.<\/p>\n<p class=\"story-body-text\" data-para-word-count=\"30\">M. Ciss\u00e9 avait fait remarquer \u00ab l&#8217;usage pr\u00e9occupant d&#8217;engins pyrotechniques dans le cadre de ce que l&#8217;on appelle commun\u00e9ment la &#8220;guerre des p\u00e9tards&#8221; \u00bb dans certains quartiers de la capitale.<\/p>\n<p class=\"story-body-text\" data-para-word-count=\"31\">Il avait donn\u00e9 des \u00ab instructions fermes \u00bb aux forces de d\u00e9fense et de s\u00e9curit\u00e9 pour \u00ab intensifier les contr\u00f4les et les op\u00e9rations de pr\u00e9vention sur l&#8217;ensemble du territoire national \u00bb.<\/p>\n","protected":false},"excerpt":{"rendered":"Dakar \u2014 La Police nationale a annonc\u00e9, samedi, sur sa page X, l&#8217;arrestation de trois individus \u00e0 Zac&hellip;\n","protected":false},"author":2,"featured_media":198,"comment_status":"","ping_status":"","sticky":false,"template":"","format":"standard","meta":{"footnotes":""},"categories":[48],"tags":[63,83,265,262,362,96,261,159,264,263,266,325],"class_list":{"0":"post-4122","1":"post","2":"type-post","3":"status-publish","4":"format-standard","5":"has-post-thumbnail","7":"category-senegal","8":"tag-africa","9":"tag-business","10":"tag-current-events","11":"tag-economy","12":"tag-legal-and-judicial-affairs","13":"tag-news","14":"tag-politics","15":"tag-senegal","16":"tag-sports","17":"tag-trade","18":"tag-travel","19":"tag-west-africa"},"share_on_mastodon":{"url":"","error":""},"_links":{"self":[{"href":"https:\/\/www.europesays.com\/africa\/wp-json\/wp\/v2\/posts\/4122","targetHints":{"allow":["GET"]}}],"collection":[{"href":"https:\/\/www.europesays.com\/africa\/wp-json\/wp\/v2\/posts"}],"about":[{"href":"https:\/\/www.europesays.com\/africa\/wp-json\/wp\/v2\/types\/post"}],"author":[{"embeddable":true,"href":"https:\/\/www.europesays.com\/africa\/wp-json\/wp\/v2\/users\/2"}],"replies":[{"embeddable":true,"href":"https:\/\/www.europesays.com\/africa\/wp-json\/wp\/v2\/comments?post=4122"}],"version-history":[{"count":0,"href":"https:\/\/www.europesays.com\/africa\/wp-json\/wp\/v2\/posts\/4122\/revisions"}],"wp:featuredmedia":[{"embeddable":true,"href":"https:\/\/www.europesays.com\/africa\/wp-json\/wp\/v2\/media\/198"}],"wp:attachment":[{"href":"https:\/\/www.europesays.com\/africa\/wp-json\/wp\/v2\/media?parent=4122"}],"wp:term":[{"taxonomy":"category","embeddable":true,"href":"https:\/\/www.europesays.com\/africa\/wp-json\/wp\/v2\/categories?post=4122"},{"taxonomy":"post_tag","embeddable":true,"href":"https:\/\/www.europesays.com\/africa\/wp-json\/wp\/v2\/tags?post=4122"}],"curies":[{"name":"wp","href":"https:\/\/api.w.org\/{rel}","templated":true}]}}